{"id":8270,"date":"2020-09-29T13:20:43","date_gmt":"2020-09-29T11:20:43","guid":{"rendered":"https:\/\/miranza.es\/el-cirujano-oftalmologo-tecnica-o-talento\/"},"modified":"2023-02-08T14:41:11","modified_gmt":"2023-02-08T12:41:11","slug":"el-cirujano-oftalmologo-tecnica-o-talento","status":"publish","type":"post","link":"https:\/\/miranza.es\/en\/podcasts-en\/el-cirujano-oftalmologo-tecnica-o-talento\/","title":{"rendered":"El cirujano oftalm\u00f3logo: t\u00e9cnica o talento"},"content":{"rendered":"\n<p>Uno es especialista en segmento anterior; el otro, en retina. Uno ejerce en Donostia; el otro, en Barcelona. Uno ya sab\u00eda que quer\u00eda ser m\u00e9dico a los 4 a\u00f1os; el otro, decidi\u00f3 especializarse en oftalmolog\u00eda cambiando sus planes iniciales. Pese a estas diferencias, el Dr. Javier Mendicute (Miranza Begitek) y el Dr. Carlos Mateo (IMO Grupo Miranza) coinciden, en esta tercera entrega de \u201cMiradas que hablan\u201d, en tres puntos clave que distinguen a un buen <strong>cirujano oftalm\u00f3logo<\/strong>: tecnolog\u00eda, talento y entrenamiento. Todo ello, aderezado con una buena dosis de pasi\u00f3n y dirigido por una cabeza \u201cbien amueblada\u201d, acaban de conformar la f\u00f3rmula del \u00e9xito.<\/p>\n\n\n\n<figure class=\"wp-block-image size-large\"><img loading=\"lazy\" decoding=\"async\" width=\"1024\" height=\"340\" src=\"https:\/\/miranza.es\/wp-content\/uploads\/2020\/09\/mateo-mendicute-1024x340.jpg\" alt=\"\" class=\"wp-image-3680\" srcset=\"https:\/\/miranza.es\/wp-content\/uploads\/2020\/09\/mateo-mendicute-1024x340.jpg 1024w, https:\/\/miranza.es\/wp-content\/uploads\/2020\/09\/mateo-mendicute-300x100.jpg 300w, https:\/\/miranza.es\/wp-content\/uploads\/2020\/09\/mateo-mendicute-768x255.jpg 768w, https:\/\/miranza.es\/wp-content\/uploads\/2020\/09\/mateo-mendicute-1536x510.jpg 1536w, https:\/\/miranza.es\/wp-content\/uploads\/2020\/09\/mateo-mendicute-2048x681.jpg 2048w, https:\/\/miranza.es\/wp-content\/uploads\/2020\/09\/mateo-mendicute-scaled.jpg 1920w\" sizes=\"auto, (max-width: 1024px) 100vw, 1024px\" \/><\/figure>\n\n\n\n<p>Adem\u00e1s, el Dr. Mendicute destaca la importancia de la vocaci\u00f3n y el Dr. Mateo opina que es clave la etapa de formaci\u00f3n y, en concreto, los profesionales con los que compartes esos a\u00f1os. De ellos recuerda haber aprendido, por encima de todo, el cuidado de los detalles o, como \u00e9l mismo explica, a \u201ctratar el ojo con respeto, con finura, con cuidado, prestando atenci\u00f3n a cada movimiento\u201d. No en vano, los equipos que asisten al oftalm\u00f3logo en quir\u00f3fano, saben de antemano que deben guardar silencio y estar con los cinco sentidos puestos en la cirug\u00eda. Ni m\u00fasica, ni conversaciones banales acompa\u00f1an a las intervenciones del Dr. Mateo, como tampoco a las del Dr. Mendicute, quien pese a sus largos a\u00f1os de experiencia, siente una gran responsabilidad cada vez que entra en quir\u00f3fano: \u201cMe siento muy vinculado con el destino de mis pacientes\u201d.<\/p>\n\n\n\n<p>Ambos especialistas tambi\u00e9n destacan el papel que juega la cabeza, que es la gu\u00eda de las manos y la que aporta concentraci\u00f3n, estrategia, memorizaci\u00f3n de movimientos\u2026 Por ello, el Dr. Mateo comparte en este podcast una m\u00e1xima que les dice a todos los j\u00f3venes oftalm\u00f3logos a los que forma en IMO Grupo <a href=\"https:\/\/miranza.es\/\">Miranza<\/a>: \u201cAqu\u00ed no ven\u00eds a entrenar las manos, sino a amueblar la cabeza\u201d. En su pr\u00e1ctica diaria, el especialista afronta los casos complicados trabajando sobre una hoja en blanco, uno a uno, todos los pasos que va a realizar en una operaci\u00f3n. Por su parte, el Dr. Mendicute confiesa que, en ocasiones, se sorprende de madrugada pensando y memorizando los distintos movimientos que va a ejecutar unas horas despu\u00e9s en el quir\u00f3fano.&nbsp;<\/p>\n\n\n\n<p>Los especialistas destacan tambi\u00e9n el papel crucial de los avances tecnol\u00f3gicos en su campo, aunque creen que el del <strong>cirujano oftalm\u00f3logo<\/strong> sigue siendo clave, ya que \u201ces \u00e9l quien realiza el trabajo conceptual para poder guiar a las m\u00e1quinas\u201d, afirma el Dr. Mendicute. El oftalm\u00f3logo defiende, adem\u00e1s, el papel de la pasi\u00f3n, \u201cque ha sido el motor de mi carrera profesional\u201d, y la \u201ccapacidad intuitiva y de abrir nuevas v\u00edas\u201d.<\/p>\n\n\n\n<p>Mientras que el Dr. Carlos Mateo cree que la mejora de la visualizaci\u00f3n de la retina por parte del cirujano es uno de los grandes avances pendientes, cuyo desarrollo marcar\u00e1 un antes y un despu\u00e9s en la cirug\u00eda de retina, el Dr. Mendicute augura para los pr\u00f3ximos a\u00f1os materiales con memoria para recuperar la morfolog\u00eda ocular que se inyectar\u00e1n en el ojo, revolucionando la oftalmolog\u00eda del futuro. Pese a todo, opinan que las nuevas generaciones no deben obviar principios b\u00e1sicos de cirug\u00eda que se han estudiado toda la vida y que sientan unas bases que deben acompa\u00f1ar a todo <strong>cirujano oftalm\u00f3logo<\/strong>, pese a que la tecnolog\u00eda simplifique muchos de estos principios.<\/p>\n\n\n\n<div style=\"height:50px\" aria-hidden=\"true\" class=\"wp-block-spacer\"><\/div>\n\n\n\n<figure class=\"wp-block-audio\"><audio controls src=\"https:\/\/miranza.es\/wp-content\/uploads\/podcasts\/PODCAST-MATEO-MENDICUTE-MIX.mp3\"><\/audio><\/figure>\n\n\n\n<div class=\"wp-block-columns is-layout-flex wp-container-core-columns-is-layout-9d6595d7 wp-block-columns-is-layout-flex\">\n<div class=\"wp-block-column is-layout-flow wp-block-column-is-layout-flow\"><div class=\"wp-block-image\">\n<figure class=\"aligncenter size-large\"><a href=\"https:\/\/www.ivoox.com\/54436738\" target=\"_blank\" rel=\"noopener noreferrer\"><img loading=\"lazy\" decoding=\"async\" width=\"280\" height=\"116\" src=\"https:\/\/miranza.es\/wp-content\/uploads\/2020\/11\/logo_ivoox_black.png\" alt=\"\" class=\"wp-image-8467\"\/><\/a><\/figure><\/div><\/div>\n\n\n\n<div class=\"wp-block-column is-layout-flow wp-block-column-is-layout-flow\"><div class=\"wp-block-image\">\n<figure class=\"aligncenter size-large\"><a href=\"https:\/\/anchor.fm\/miranza\/episodes\/Cmo-hemos-cambiado-ehbbno\" target=\"_blank\" rel=\"noopener noreferrer\"><img loading=\"lazy\" decoding=\"async\" width=\"280\" height=\"116\" src=\"https:\/\/miranza.es\/wp-content\/uploads\/2020\/11\/anchor.png\" alt=\"\" class=\"wp-image-8469\"\/><\/a><\/figure><\/div><\/div>\n<\/div>\n","protected":false},"excerpt":{"rendered":"<p>Uno es especialista en segmento anterior; el otro, en retina. Uno ejerce en Donostia; el otro, en Barcelona. Uno ya sab\u00eda que quer\u00eda ser m\u00e9dico a los 4 a\u00f1os; el otro, decidi\u00f3 especializarse en oftalmolog\u00eda cambiando sus planes iniciales.<\/p>\n","protected":false},"author":1,"featured_media":3682,"comment_status":"closed","ping_status":"closed","sticky":false,"template":"","format":"standard","meta":{"_acf_changed":false,"inline_featured_image":false,"footnotes":""},"categories":[10],"tags":[],"class_list":["post-8270","post","type-post","status-publish","format-standard","has-post-thumbnail","hentry","category-podcasts-en"],"acf":[],"yoast_head":"<!-- This site is optimized with the Yoast SEO plugin v27.3 - https:\/\/yoast.com\/product\/yoast-seo-wordpress\/ -->\n<title>Podcast | The ophthalmologist surgeon: technique or talent | Miranza<\/title>\n<meta name=\"description\" content=\"Descubre a los cirujanos oftalm\u00f3logos Javier Mendicute, profesional deMiranza Begitek y Carlos Mateo, uno de los oftalm\u00f3logos de IMO Barcelona.\" \/>\n<meta name=\"robots\" content=\"index, follow, max-snippet:-1, max-image-preview:large, max-video-preview:-1\" \/>\n<link rel=\"canonical\" href=\"https:\/\/miranza.es\/en\/podcasts-en\/el-cirujano-oftalmologo-tecnica-o-talento\/\" \/>\n<meta property=\"og:locale\" content=\"en_US\" \/>\n<meta property=\"og:type\" content=\"article\" \/>\n<meta property=\"og:title\" content=\"Podcast | The ophthalmologist surgeon: technique or talent | Miranza\" \/>\n<meta property=\"og:description\" content=\"Descubre a los cirujanos oftalm\u00f3logos Javier Mendicute, profesional deMiranza Begitek y Carlos Mateo, uno de los oftalm\u00f3logos de IMO Barcelona.\" \/>\n<meta property=\"og:url\" content=\"https:\/\/miranza.es\/en\/podcasts-en\/el-cirujano-oftalmologo-tecnica-o-talento\/\" \/>\n<meta property=\"og:site_name\" content=\"Miranza\" \/>\n<meta property=\"article:publisher\" content=\"https:\/\/www.facebook.com\/GrupoMiranza\/\" \/>\n<meta property=\"article:published_time\" content=\"2020-09-29T11:20:43+00:00\" \/>\n<meta property=\"article:modified_time\" content=\"2023-02-08T12:41:11+00:00\" \/>\n<meta property=\"og:image\" content=\"https:\/\/miranza.es\/wp-content\/uploads\/2020\/09\/300x300_Podcast_02_v1.jpg\" \/>\n\t<meta property=\"og:image:width\" content=\"400\" \/>\n\t<meta property=\"og:image:height\" content=\"300\" \/>\n\t<meta property=\"og:image:type\" content=\"image\/jpeg\" \/>\n<meta name=\"author\" content=\"Equipo Miranza\" \/>\n<meta name=\"twitter:card\" content=\"summary_large_image\" \/>\n<meta name=\"twitter:creator\" content=\"@GrupoMiranza\" \/>\n<meta name=\"twitter:site\" content=\"@GrupoMiranza\" \/>\n<meta name=\"twitter:label1\" content=\"Written by\" \/>\n\t<meta name=\"twitter:data1\" content=\"Equipo Miranza\" \/>\n\t<meta name=\"twitter:label2\" content=\"Est. reading time\" \/>\n\t<meta name=\"twitter:data2\" content=\"4 minutes\" \/>\n<script type=\"application\/ld+json\" class=\"yoast-schema-graph\">{\"@context\":\"https:\\\/\\\/schema.org\",\"@graph\":[{\"@type\":\"Article\",\"@id\":\"https:\\\/\\\/miranza.es\\\/en\\\/podcasts-en\\\/el-cirujano-oftalmologo-tecnica-o-talento\\\/#article\",\"isPartOf\":{\"@id\":\"https:\\\/\\\/miranza.es\\\/en\\\/podcasts-en\\\/el-cirujano-oftalmologo-tecnica-o-talento\\\/\"},\"author\":{\"name\":\"Equipo Miranza\",\"@id\":\"https:\\\/\\\/miranza.es\\\/en\\\/#\\\/schema\\\/person\\\/e01c042f39bcd4da7bc9b77d6e23bf76\"},\"headline\":\"El cirujano oftalm\u00f3logo: t\u00e9cnica o talento\",\"datePublished\":\"2020-09-29T11:20:43+00:00\",\"dateModified\":\"2023-02-08T12:41:11+00:00\",\"mainEntityOfPage\":{\"@id\":\"https:\\\/\\\/miranza.es\\\/en\\\/podcasts-en\\\/el-cirujano-oftalmologo-tecnica-o-talento\\\/\"},\"wordCount\":613,\"publisher\":{\"@id\":\"https:\\\/\\\/miranza.es\\\/en\\\/#organization\"},\"image\":{\"@id\":\"https:\\\/\\\/miranza.es\\\/en\\\/podcasts-en\\\/el-cirujano-oftalmologo-tecnica-o-talento\\\/#primaryimage\"},\"thumbnailUrl\":\"https:\\\/\\\/miranza.es\\\/wp-content\\\/uploads\\\/2020\\\/09\\\/300x300_Podcast_02_v1.jpg\",\"articleSection\":[\"Podcasts\"],\"inLanguage\":\"en-US\"},{\"@type\":\"WebPage\",\"@id\":\"https:\\\/\\\/miranza.es\\\/en\\\/podcasts-en\\\/el-cirujano-oftalmologo-tecnica-o-talento\\\/\",\"url\":\"https:\\\/\\\/miranza.es\\\/en\\\/podcasts-en\\\/el-cirujano-oftalmologo-tecnica-o-talento\\\/\",\"name\":\"Podcast | The ophthalmologist surgeon: technique or talent | Miranza\",\"isPartOf\":{\"@id\":\"https:\\\/\\\/miranza.es\\\/en\\\/#website\"},\"primaryImageOfPage\":{\"@id\":\"https:\\\/\\\/miranza.es\\\/en\\\/podcasts-en\\\/el-cirujano-oftalmologo-tecnica-o-talento\\\/#primaryimage\"},\"image\":{\"@id\":\"https:\\\/\\\/miranza.es\\\/en\\\/podcasts-en\\\/el-cirujano-oftalmologo-tecnica-o-talento\\\/#primaryimage\"},\"thumbnailUrl\":\"https:\\\/\\\/miranza.es\\\/wp-content\\\/uploads\\\/2020\\\/09\\\/300x300_Podcast_02_v1.jpg\",\"datePublished\":\"2020-09-29T11:20:43+00:00\",\"dateModified\":\"2023-02-08T12:41:11+00:00\",\"description\":\"Descubre a los cirujanos oftalm\u00f3logos Javier Mendicute, profesional deMiranza Begitek y Carlos Mateo, uno de los oftalm\u00f3logos de IMO Barcelona.\",\"breadcrumb\":{\"@id\":\"https:\\\/\\\/miranza.es\\\/en\\\/podcasts-en\\\/el-cirujano-oftalmologo-tecnica-o-talento\\\/#breadcrumb\"},\"inLanguage\":\"en-US\",\"potentialAction\":[{\"@type\":\"ReadAction\",\"target\":[\"https:\\\/\\\/miranza.es\\\/en\\\/podcasts-en\\\/el-cirujano-oftalmologo-tecnica-o-talento\\\/\"]}]},{\"@type\":\"ImageObject\",\"inLanguage\":\"en-US\",\"@id\":\"https:\\\/\\\/miranza.es\\\/en\\\/podcasts-en\\\/el-cirujano-oftalmologo-tecnica-o-talento\\\/#primaryimage\",\"url\":\"https:\\\/\\\/miranza.es\\\/wp-content\\\/uploads\\\/2020\\\/09\\\/300x300_Podcast_02_v1.jpg\",\"contentUrl\":\"https:\\\/\\\/miranza.es\\\/wp-content\\\/uploads\\\/2020\\\/09\\\/300x300_Podcast_02_v1.jpg\",\"width\":400,\"height\":300},{\"@type\":\"BreadcrumbList\",\"@id\":\"https:\\\/\\\/miranza.es\\\/en\\\/podcasts-en\\\/el-cirujano-oftalmologo-tecnica-o-talento\\\/#breadcrumb\",\"itemListElement\":[{\"@type\":\"ListItem\",\"position\":1,\"name\":\"Home\",\"item\":\"https:\\\/\\\/miranza.es\\\/en\\\/\"},{\"@type\":\"ListItem\",\"position\":2,\"name\":\"Podcasts\",\"item\":\"https:\\\/\\\/miranza.es\\\/en\\\/category\\\/podcasts-en\\\/\"},{\"@type\":\"ListItem\",\"position\":3,\"name\":\"El cirujano oftalm\u00f3logo: t\u00e9cnica o talento\"}]},{\"@type\":\"WebSite\",\"@id\":\"https:\\\/\\\/miranza.es\\\/en\\\/#website\",\"url\":\"https:\\\/\\\/miranza.es\\\/en\\\/\",\"name\":\"Miranza\",\"description\":\"Somos tus centros de excelencia, especialistas en bienestar ocular. Estamos a tu lado, creando nuevos horizontes para seguir viendo.\",\"publisher\":{\"@id\":\"https:\\\/\\\/miranza.es\\\/en\\\/#organization\"},\"potentialAction\":[{\"@type\":\"SearchAction\",\"target\":{\"@type\":\"EntryPoint\",\"urlTemplate\":\"https:\\\/\\\/miranza.es\\\/en\\\/?s={search_term_string}\"},\"query-input\":{\"@type\":\"PropertyValueSpecification\",\"valueRequired\":true,\"valueName\":\"search_term_string\"}}],\"inLanguage\":\"en-US\"},{\"@type\":\"Organization\",\"@id\":\"https:\\\/\\\/miranza.es\\\/en\\\/#organization\",\"name\":\"Miranza\",\"url\":\"https:\\\/\\\/miranza.es\\\/en\\\/\",\"logo\":{\"@type\":\"ImageObject\",\"inLanguage\":\"en-US\",\"@id\":\"https:\\\/\\\/miranza.es\\\/en\\\/#\\\/schema\\\/logo\\\/image\\\/\",\"url\":\"https:\\\/\\\/miranza.es\\\/wp-content\\\/uploads\\\/2024\\\/04\\\/logo-miranza.jpg\",\"contentUrl\":\"https:\\\/\\\/miranza.es\\\/wp-content\\\/uploads\\\/2024\\\/04\\\/logo-miranza.jpg\",\"width\":600,\"height\":600,\"caption\":\"Miranza\"},\"image\":{\"@id\":\"https:\\\/\\\/miranza.es\\\/en\\\/#\\\/schema\\\/logo\\\/image\\\/\"},\"sameAs\":[\"https:\\\/\\\/www.facebook.com\\\/GrupoMiranza\\\/\",\"https:\\\/\\\/x.com\\\/GrupoMiranza\",\"https:\\\/\\\/www.instagram.com\\\/grupomiranza\\\/\",\"https:\\\/\\\/www.linkedin.com\\\/company\\\/grupomiranza\",\"https:\\\/\\\/www.youtube.com\\\/channel\\\/UCX2gEI-gOFCbPHZ7QSTkLYQ\\\/featured\"]},{\"@type\":\"Person\",\"@id\":\"https:\\\/\\\/miranza.es\\\/en\\\/#\\\/schema\\\/person\\\/e01c042f39bcd4da7bc9b77d6e23bf76\",\"name\":\"Equipo Miranza\",\"image\":{\"@type\":\"ImageObject\",\"inLanguage\":\"en-US\",\"@id\":\"https:\\\/\\\/secure.gravatar.com\\\/avatar\\\/319e67a2c600de84615e0fdb3468ed425da29acb11edd895911d6403cf2975fd?s=96&d=mm&r=g\",\"url\":\"https:\\\/\\\/secure.gravatar.com\\\/avatar\\\/319e67a2c600de84615e0fdb3468ed425da29acb11edd895911d6403cf2975fd?s=96&d=mm&r=g\",\"contentUrl\":\"https:\\\/\\\/secure.gravatar.com\\\/avatar\\\/319e67a2c600de84615e0fdb3468ed425da29acb11edd895911d6403cf2975fd?s=96&d=mm&r=g\",\"caption\":\"Equipo Miranza\"}}]}<\/script>\n<!-- \/ Yoast SEO plugin. -->","yoast_head_json":{"title":"Podcast | The ophthalmologist surgeon: technique or talent | Miranza","description":"Descubre a los cirujanos oftalm\u00f3logos Javier Mendicute, profesional deMiranza Begitek y Carlos Mateo, uno de los oftalm\u00f3logos de IMO Barcelona.","robots":{"index":"index","follow":"follow","max-snippet":"max-snippet:-1","max-image-preview":"max-image-preview:large","max-video-preview":"max-video-preview:-1"},"canonical":"https:\/\/miranza.es\/en\/podcasts-en\/el-cirujano-oftalmologo-tecnica-o-talento\/","og_locale":"en_US","og_type":"article","og_title":"Podcast | The ophthalmologist surgeon: technique or talent | Miranza","og_description":"Descubre a los cirujanos oftalm\u00f3logos Javier Mendicute, profesional deMiranza Begitek y Carlos Mateo, uno de los oftalm\u00f3logos de IMO Barcelona.","og_url":"https:\/\/miranza.es\/en\/podcasts-en\/el-cirujano-oftalmologo-tecnica-o-talento\/","og_site_name":"Miranza","article_publisher":"https:\/\/www.facebook.com\/GrupoMiranza\/","article_published_time":"2020-09-29T11:20:43+00:00","article_modified_time":"2023-02-08T12:41:11+00:00","og_image":[{"width":400,"height":300,"url":"https:\/\/miranza.es\/wp-content\/uploads\/2020\/09\/300x300_Podcast_02_v1.jpg","type":"image\/jpeg"}],"author":"Equipo Miranza","twitter_card":"summary_large_image","twitter_creator":"@GrupoMiranza","twitter_site":"@GrupoMiranza","twitter_misc":{"Written by":"Equipo Miranza","Est. reading time":"4 minutes"},"schema":{"@context":"https:\/\/schema.org","@graph":[{"@type":"Article","@id":"https:\/\/miranza.es\/en\/podcasts-en\/el-cirujano-oftalmologo-tecnica-o-talento\/#article","isPartOf":{"@id":"https:\/\/miranza.es\/en\/podcasts-en\/el-cirujano-oftalmologo-tecnica-o-talento\/"},"author":{"name":"Equipo Miranza","@id":"https:\/\/miranza.es\/en\/#\/schema\/person\/e01c042f39bcd4da7bc9b77d6e23bf76"},"headline":"El cirujano oftalm\u00f3logo: t\u00e9cnica o talento","datePublished":"2020-09-29T11:20:43+00:00","dateModified":"2023-02-08T12:41:11+00:00","mainEntityOfPage":{"@id":"https:\/\/miranza.es\/en\/podcasts-en\/el-cirujano-oftalmologo-tecnica-o-talento\/"},"wordCount":613,"publisher":{"@id":"https:\/\/miranza.es\/en\/#organization"},"image":{"@id":"https:\/\/miranza.es\/en\/podcasts-en\/el-cirujano-oftalmologo-tecnica-o-talento\/#primaryimage"},"thumbnailUrl":"https:\/\/miranza.es\/wp-content\/uploads\/2020\/09\/300x300_Podcast_02_v1.jpg","articleSection":["Podcasts"],"inLanguage":"en-US"},{"@type":"WebPage","@id":"https:\/\/miranza.es\/en\/podcasts-en\/el-cirujano-oftalmologo-tecnica-o-talento\/","url":"https:\/\/miranza.es\/en\/podcasts-en\/el-cirujano-oftalmologo-tecnica-o-talento\/","name":"Podcast | The ophthalmologist surgeon: technique or talent | Miranza","isPartOf":{"@id":"https:\/\/miranza.es\/en\/#website"},"primaryImageOfPage":{"@id":"https:\/\/miranza.es\/en\/podcasts-en\/el-cirujano-oftalmologo-tecnica-o-talento\/#primaryimage"},"image":{"@id":"https:\/\/miranza.es\/en\/podcasts-en\/el-cirujano-oftalmologo-tecnica-o-talento\/#primaryimage"},"thumbnailUrl":"https:\/\/miranza.es\/wp-content\/uploads\/2020\/09\/300x300_Podcast_02_v1.jpg","datePublished":"2020-09-29T11:20:43+00:00","dateModified":"2023-02-08T12:41:11+00:00","description":"Descubre a los cirujanos oftalm\u00f3logos Javier Mendicute, profesional deMiranza Begitek y Carlos Mateo, uno de los oftalm\u00f3logos de IMO Barcelona.","breadcrumb":{"@id":"https:\/\/miranza.es\/en\/podcasts-en\/el-cirujano-oftalmologo-tecnica-o-talento\/#breadcrumb"},"inLanguage":"en-US","potentialAction":[{"@type":"ReadAction","target":["https:\/\/miranza.es\/en\/podcasts-en\/el-cirujano-oftalmologo-tecnica-o-talento\/"]}]},{"@type":"ImageObject","inLanguage":"en-US","@id":"https:\/\/miranza.es\/en\/podcasts-en\/el-cirujano-oftalmologo-tecnica-o-talento\/#primaryimage","url":"https:\/\/miranza.es\/wp-content\/uploads\/2020\/09\/300x300_Podcast_02_v1.jpg","contentUrl":"https:\/\/miranza.es\/wp-content\/uploads\/2020\/09\/300x300_Podcast_02_v1.jpg","width":400,"height":300},{"@type":"BreadcrumbList","@id":"https:\/\/miranza.es\/en\/podcasts-en\/el-cirujano-oftalmologo-tecnica-o-talento\/#breadcrumb","itemListElement":[{"@type":"ListItem","position":1,"name":"Home","item":"https:\/\/miranza.es\/en\/"},{"@type":"ListItem","position":2,"name":"Podcasts","item":"https:\/\/miranza.es\/en\/category\/podcasts-en\/"},{"@type":"ListItem","position":3,"name":"El cirujano oftalm\u00f3logo: t\u00e9cnica o talento"}]},{"@type":"WebSite","@id":"https:\/\/miranza.es\/en\/#website","url":"https:\/\/miranza.es\/en\/","name":"Miranza","description":"Somos tus centros de excelencia, especialistas en bienestar ocular. Estamos a tu lado, creando nuevos horizontes para seguir viendo.","publisher":{"@id":"https:\/\/miranza.es\/en\/#organization"},"potentialAction":[{"@type":"SearchAction","target":{"@type":"EntryPoint","urlTemplate":"https:\/\/miranza.es\/en\/?s={search_term_string}"},"query-input":{"@type":"PropertyValueSpecification","valueRequired":true,"valueName":"search_term_string"}}],"inLanguage":"en-US"},{"@type":"Organization","@id":"https:\/\/miranza.es\/en\/#organization","name":"Miranza","url":"https:\/\/miranza.es\/en\/","logo":{"@type":"ImageObject","inLanguage":"en-US","@id":"https:\/\/miranza.es\/en\/#\/schema\/logo\/image\/","url":"https:\/\/miranza.es\/wp-content\/uploads\/2024\/04\/logo-miranza.jpg","contentUrl":"https:\/\/miranza.es\/wp-content\/uploads\/2024\/04\/logo-miranza.jpg","width":600,"height":600,"caption":"Miranza"},"image":{"@id":"https:\/\/miranza.es\/en\/#\/schema\/logo\/image\/"},"sameAs":["https:\/\/www.facebook.com\/GrupoMiranza\/","https:\/\/x.com\/GrupoMiranza","https:\/\/www.instagram.com\/grupomiranza\/","https:\/\/www.linkedin.com\/company\/grupomiranza","https:\/\/www.youtube.com\/channel\/UCX2gEI-gOFCbPHZ7QSTkLYQ\/featured"]},{"@type":"Person","@id":"https:\/\/miranza.es\/en\/#\/schema\/person\/e01c042f39bcd4da7bc9b77d6e23bf76","name":"Equipo Miranza","image":{"@type":"ImageObject","inLanguage":"en-US","@id":"https:\/\/secure.gravatar.com\/avatar\/319e67a2c600de84615e0fdb3468ed425da29acb11edd895911d6403cf2975fd?s=96&d=mm&r=g","url":"https:\/\/secure.gravatar.com\/avatar\/319e67a2c600de84615e0fdb3468ed425da29acb11edd895911d6403cf2975fd?s=96&d=mm&r=g","contentUrl":"https:\/\/secure.gravatar.com\/avatar\/319e67a2c600de84615e0fdb3468ed425da29acb11edd895911d6403cf2975fd?s=96&d=mm&r=g","caption":"Equipo Miranza"}}]}},"_links":{"self":[{"href":"https:\/\/miranza.es\/en\/wp-json\/wp\/v2\/posts\/8270","targetHints":{"allow":["GET"]}}],"collection":[{"href":"https:\/\/miranza.es\/en\/wp-json\/wp\/v2\/posts"}],"about":[{"href":"https:\/\/miranza.es\/en\/wp-json\/wp\/v2\/types\/post"}],"author":[{"embeddable":true,"href":"https:\/\/miranza.es\/en\/wp-json\/wp\/v2\/users\/1"}],"replies":[{"embeddable":true,"href":"https:\/\/miranza.es\/en\/wp-json\/wp\/v2\/comments?post=8270"}],"version-history":[{"count":3,"href":"https:\/\/miranza.es\/en\/wp-json\/wp\/v2\/posts\/8270\/revisions"}],"predecessor-version":[{"id":64273,"href":"https:\/\/miranza.es\/en\/wp-json\/wp\/v2\/posts\/8270\/revisions\/64273"}],"wp:featuredmedia":[{"embeddable":true,"href":"https:\/\/miranza.es\/en\/wp-json\/wp\/v2\/media\/3682"}],"wp:attachment":[{"href":"https:\/\/miranza.es\/en\/wp-json\/wp\/v2\/media?parent=8270"}],"wp:term":[{"taxonomy":"category","embeddable":true,"href":"https:\/\/miranza.es\/en\/wp-json\/wp\/v2\/categories?post=8270"},{"taxonomy":"post_tag","embeddable":true,"href":"https:\/\/miranza.es\/en\/wp-json\/wp\/v2\/tags?post=8270"}],"curies":[{"name":"wp","href":"https:\/\/api.w.org\/{rel}","templated":true}]}}