{"id":119544,"date":"2021-07-02T13:57:33","date_gmt":"2021-07-02T11:57:33","guid":{"rendered":"https:\/\/miranza.es\/uncategorized\/sos-vision-oftalmologia-para-los-colectivos-mas-vulnerables\/"},"modified":"2025-07-02T14:13:06","modified_gmt":"2025-07-02T12:13:06","slug":"sos-vision-oftalmologia-para-los-colectivos-mas-vulnerables","status":"publish","type":"post","link":"https:\/\/miranza.es\/en\/news\/sos-vision-oftalmologia-para-los-colectivos-mas-vulnerables\/","title":{"rendered":"SOS Visi\u00f3n: ophthalmology for the most vulnerable groups"},"content":{"rendered":"\n<p><a href=\"https:\/\/miranza.es\/en\/\">Miranza <\/a>has launched the <a href=\"https:\/\/miranza.es\/en\/treatments\/vitrectomy\/\">SOS Visi\u00f3n<\/a> charity programme, with which we wanted to help reduce vision problems for people in vulnerable situations between July 2021 and July 2022. Our study on &#8220;<a href=\"https:\/\/miranza.es\/en\/news\/we-present-the-first-study-on-eye-health-during-a-pandemic\/\">Eye health in a pandemic<\/a>&#8221; found that the COVID-19 crisis was significantly affecting the eye health of Spaniards and, in order to make access to eye care easier, we launched this initiative, which is especially aimed at people awaiting surgery or care in this speciality, mainly among the most vulnerable people during the pandemic.<\/p>\n\n\n\n<h2 class=\"wp-block-heading\"><strong>Who can benefit from SOS Vision?<\/strong><\/h2>\n\n\n\n<p>Specifically, <strong>pensioners<\/strong> earning less than 1,000&nbsp;euros per month and <strong>self-employed<\/strong> people who have had to close their business or stop their activities for at least 4&nbsp;months, between March 2021 and June 2021, are eligible for SOS Visi\u00f3n. Moreover, <strong>professionals in the tourism sector<\/strong> who were furloughed (ERTE) in the <a href=\"https:\/\/miranza.es\/en\/news\/we-present-the-first-study-on-eye-health-during-a-pandemic\/\">Balearic Islands and Tenerife<\/a> were also able to access SOS Visi\u00f3n. Until 31 June 2022, the programme has offered special financial conditions for visits, diagnostic tests and treatments.<\/p>\n\n\n\n<p>The initiative has sought to benefit people with limited resources and whose chronic eye diseases, such as <a href=\"https:\/\/miranza.es\/en\/pathologies\/glaucoma\/\">glaucoma<\/a>, <a href=\"https:\/\/miranza.es\/en\/pathologies\/diabetic-retinopathy\/\">diabetic retinopathy<\/a> or <a href=\"https:\/\/miranza.es\/en\/pathologies\/amd\/\">AMD<\/a>, were at risk of worsening and causing irreversible vision loss. These groups were affected by increased waiting times for <a href=\"https:\/\/miranza.es\/en\/treatments\/cataract-surgery\/\">cataract surgery<\/a> and other treatments.<\/p>\n\n\n\n<h2 class=\"wp-block-heading\"><strong>Facilitating access to the best eye care<\/strong><\/h2>\n\n\n\n<p>According to Ram\u00f3n Berra, the group&#8217;s general manager, &#8220;SOS Visi\u00f3n responds to our mission and commitment to make the best ophthalmology accessible to the greatest number of people. Within the current pandemic framework, our commitment to patients has led us to implement special measures to help them as much as possible.&#8221;<\/p>\n\n\n\n<p>As the eye health study carried out by Miranza in December 2020 points out, 5 out of 10&nbsp;ophthalmologists surveyed found that more cases of patients with more serious or advanced diseases were arriving at their offices.<\/p>\n","protected":false},"excerpt":{"rendered":"<p>Desde Miranza hemos lanzado el programa solidario SOS Visi\u00f3n, con el que queremos contribuir a mitigar los problemas de visi\u00f3n de personas en situaci\u00f3n de vulnerabilidad.<\/p>\n","protected":false},"author":1,"featured_media":14392,"comment_status":"closed","ping_status":"closed","sticky":false,"template":"","format":"standard","meta":{"_acf_changed":false,"inline_featured_image":false,"footnotes":""},"categories":[4],"tags":[620,621,622,256,538,623,624,625,616],"class_list":["post-119544","post","type-post","status-publish","format-standard","has-post-thumbnail","hentry","category-news","tag-autonomos-en","tag-coelectivos-vulnerables-en","tag-erte-en","tag-iniciativas-en","tag-oftalmologia-en","tag-oftalmologia-accesible-en","tag-paro-en","tag-pensionistas-en","tag-sos-vision-en"],"acf":[],"yoast_head":"<!-- This site is optimized with the Yoast SEO plugin v27.3 - https:\/\/yoast.com\/product\/yoast-seo-wordpress\/ -->\n<title>SOS Visi\u00f3n: Oftalmolog\u00eda para los m\u00e1s vulnerables | Miranza<\/title>\n<meta name=\"description\" content=\"El programa SOS Visi\u00f3n de Miranza pretende paliar los problemas de visi\u00f3n de personas en situaci\u00f3n de vulnerabilidad. Conoce m\u00e1s sobre esta iniciativa.\" \/>\n<meta name=\"robots\" content=\"index, follow, max-snippet:-1, max-image-preview:large, max-video-preview:-1\" \/>\n<link rel=\"canonical\" href=\"https:\/\/miranza.es\/en\/news\/sos-vision-oftalmologia-para-los-colectivos-mas-vulnerables\/\" \/>\n<meta property=\"og:locale\" content=\"en_US\" \/>\n<meta property=\"og:type\" content=\"article\" \/>\n<meta property=\"og:title\" content=\"SOS Visi\u00f3n: Oftalmolog\u00eda para los m\u00e1s vulnerables | Miranza\" \/>\n<meta property=\"og:description\" content=\"El programa SOS Visi\u00f3n de Miranza pretende paliar los problemas de visi\u00f3n de personas en situaci\u00f3n de vulnerabilidad. Conoce m\u00e1s sobre esta iniciativa.\" \/>\n<meta property=\"og:url\" content=\"https:\/\/miranza.es\/en\/news\/sos-vision-oftalmologia-para-los-colectivos-mas-vulnerables\/\" \/>\n<meta property=\"og:site_name\" content=\"Miranza\" \/>\n<meta property=\"article:publisher\" content=\"https:\/\/www.facebook.com\/GrupoMiranza\/\" \/>\n<meta property=\"article:published_time\" content=\"2021-07-02T11:57:33+00:00\" \/>\n<meta property=\"article:modified_time\" content=\"2025-07-02T12:13:06+00:00\" \/>\n<meta property=\"og:image\" content=\"https:\/\/miranza.es\/wp-content\/uploads\/2020\/09\/banner1.jpg\" \/>\n\t<meta property=\"og:image:width\" content=\"1620\" \/>\n\t<meta property=\"og:image:height\" content=\"1080\" \/>\n\t<meta property=\"og:image:type\" content=\"image\/jpeg\" \/>\n<meta name=\"author\" content=\"Equipo Miranza\" \/>\n<meta name=\"twitter:card\" content=\"summary_large_image\" \/>\n<meta name=\"twitter:creator\" content=\"@GrupoMiranza\" \/>\n<meta name=\"twitter:site\" content=\"@GrupoMiranza\" \/>\n<meta name=\"twitter:label1\" content=\"Written by\" \/>\n\t<meta name=\"twitter:data1\" content=\"Equipo Miranza\" \/>\n\t<meta name=\"twitter:label2\" content=\"Est. reading time\" \/>\n\t<meta name=\"twitter:data2\" content=\"2 minutes\" \/>\n<script type=\"application\/ld+json\" class=\"yoast-schema-graph\">{\"@context\":\"https:\\\/\\\/schema.org\",\"@graph\":[{\"@type\":\"Article\",\"@id\":\"https:\\\/\\\/miranza.es\\\/en\\\/news\\\/sos-vision-oftalmologia-para-los-colectivos-mas-vulnerables\\\/#article\",\"isPartOf\":{\"@id\":\"https:\\\/\\\/miranza.es\\\/en\\\/news\\\/sos-vision-oftalmologia-para-los-colectivos-mas-vulnerables\\\/\"},\"author\":{\"name\":\"Equipo Miranza\",\"@id\":\"https:\\\/\\\/miranza.es\\\/en\\\/#\\\/schema\\\/person\\\/e01c042f39bcd4da7bc9b77d6e23bf76\"},\"headline\":\"SOS Visi\u00f3n: ophthalmology for the most vulnerable groups\",\"datePublished\":\"2021-07-02T11:57:33+00:00\",\"dateModified\":\"2025-07-02T12:13:06+00:00\",\"mainEntityOfPage\":{\"@id\":\"https:\\\/\\\/miranza.es\\\/en\\\/news\\\/sos-vision-oftalmologia-para-los-colectivos-mas-vulnerables\\\/\"},\"wordCount\":318,\"publisher\":{\"@id\":\"https:\\\/\\\/miranza.es\\\/en\\\/#organization\"},\"image\":{\"@id\":\"https:\\\/\\\/miranza.es\\\/en\\\/news\\\/sos-vision-oftalmologia-para-los-colectivos-mas-vulnerables\\\/#primaryimage\"},\"thumbnailUrl\":\"https:\\\/\\\/miranza.es\\\/wp-content\\\/uploads\\\/2020\\\/09\\\/banner1.jpg\",\"keywords\":[\"aut\u00f3nomos\",\"coelectivos vulnerables\",\"erte\",\"Iniciativas\",\"oftalmolog\u00eda\",\"oftalmolog\u00eda accesible\",\"paro\",\"pensionistas\",\"sos visi\u00f3n\"],\"articleSection\":[\"News\"],\"inLanguage\":\"en-US\"},{\"@type\":\"WebPage\",\"@id\":\"https:\\\/\\\/miranza.es\\\/en\\\/news\\\/sos-vision-oftalmologia-para-los-colectivos-mas-vulnerables\\\/\",\"url\":\"https:\\\/\\\/miranza.es\\\/en\\\/news\\\/sos-vision-oftalmologia-para-los-colectivos-mas-vulnerables\\\/\",\"name\":\"SOS Visi\u00f3n: Oftalmolog\u00eda para los m\u00e1s vulnerables | Miranza\",\"isPartOf\":{\"@id\":\"https:\\\/\\\/miranza.es\\\/en\\\/#website\"},\"primaryImageOfPage\":{\"@id\":\"https:\\\/\\\/miranza.es\\\/en\\\/news\\\/sos-vision-oftalmologia-para-los-colectivos-mas-vulnerables\\\/#primaryimage\"},\"image\":{\"@id\":\"https:\\\/\\\/miranza.es\\\/en\\\/news\\\/sos-vision-oftalmologia-para-los-colectivos-mas-vulnerables\\\/#primaryimage\"},\"thumbnailUrl\":\"https:\\\/\\\/miranza.es\\\/wp-content\\\/uploads\\\/2020\\\/09\\\/banner1.jpg\",\"datePublished\":\"2021-07-02T11:57:33+00:00\",\"dateModified\":\"2025-07-02T12:13:06+00:00\",\"description\":\"El programa SOS Visi\u00f3n de Miranza pretende paliar los problemas de visi\u00f3n de personas en situaci\u00f3n de vulnerabilidad. Conoce m\u00e1s sobre esta iniciativa.\",\"breadcrumb\":{\"@id\":\"https:\\\/\\\/miranza.es\\\/en\\\/news\\\/sos-vision-oftalmologia-para-los-colectivos-mas-vulnerables\\\/#breadcrumb\"},\"inLanguage\":\"en-US\",\"potentialAction\":[{\"@type\":\"ReadAction\",\"target\":[\"https:\\\/\\\/miranza.es\\\/en\\\/news\\\/sos-vision-oftalmologia-para-los-colectivos-mas-vulnerables\\\/\"]}]},{\"@type\":\"ImageObject\",\"inLanguage\":\"en-US\",\"@id\":\"https:\\\/\\\/miranza.es\\\/en\\\/news\\\/sos-vision-oftalmologia-para-los-colectivos-mas-vulnerables\\\/#primaryimage\",\"url\":\"https:\\\/\\\/miranza.es\\\/wp-content\\\/uploads\\\/2020\\\/09\\\/banner1.jpg\",\"contentUrl\":\"https:\\\/\\\/miranza.es\\\/wp-content\\\/uploads\\\/2020\\\/09\\\/banner1.jpg\",\"width\":1620,\"height\":1080,\"caption\":\"Portrait of a beautiful senior woman in elegant glasses smiling at camera.\"},{\"@type\":\"BreadcrumbList\",\"@id\":\"https:\\\/\\\/miranza.es\\\/en\\\/news\\\/sos-vision-oftalmologia-para-los-colectivos-mas-vulnerables\\\/#breadcrumb\",\"itemListElement\":[{\"@type\":\"ListItem\",\"position\":1,\"name\":\"Home\",\"item\":\"https:\\\/\\\/miranza.es\\\/en\\\/\"},{\"@type\":\"ListItem\",\"position\":2,\"name\":\"News\",\"item\":\"https:\\\/\\\/miranza.es\\\/en\\\/category\\\/news\\\/\"},{\"@type\":\"ListItem\",\"position\":3,\"name\":\"SOS Visi\u00f3n: ophthalmology for the most vulnerable groups\"}]},{\"@type\":\"WebSite\",\"@id\":\"https:\\\/\\\/miranza.es\\\/en\\\/#website\",\"url\":\"https:\\\/\\\/miranza.es\\\/en\\\/\",\"name\":\"Miranza\",\"description\":\"Somos tus centros de excelencia, especialistas en bienestar ocular. Estamos a tu lado, creando nuevos horizontes para seguir viendo.\",\"publisher\":{\"@id\":\"https:\\\/\\\/miranza.es\\\/en\\\/#organization\"},\"potentialAction\":[{\"@type\":\"SearchAction\",\"target\":{\"@type\":\"EntryPoint\",\"urlTemplate\":\"https:\\\/\\\/miranza.es\\\/en\\\/?s={search_term_string}\"},\"query-input\":{\"@type\":\"PropertyValueSpecification\",\"valueRequired\":true,\"valueName\":\"search_term_string\"}}],\"inLanguage\":\"en-US\"},{\"@type\":\"Organization\",\"@id\":\"https:\\\/\\\/miranza.es\\\/en\\\/#organization\",\"name\":\"Miranza\",\"url\":\"https:\\\/\\\/miranza.es\\\/en\\\/\",\"logo\":{\"@type\":\"ImageObject\",\"inLanguage\":\"en-US\",\"@id\":\"https:\\\/\\\/miranza.es\\\/en\\\/#\\\/schema\\\/logo\\\/image\\\/\",\"url\":\"https:\\\/\\\/miranza.es\\\/wp-content\\\/uploads\\\/2024\\\/04\\\/logo-miranza.jpg\",\"contentUrl\":\"https:\\\/\\\/miranza.es\\\/wp-content\\\/uploads\\\/2024\\\/04\\\/logo-miranza.jpg\",\"width\":600,\"height\":600,\"caption\":\"Miranza\"},\"image\":{\"@id\":\"https:\\\/\\\/miranza.es\\\/en\\\/#\\\/schema\\\/logo\\\/image\\\/\"},\"sameAs\":[\"https:\\\/\\\/www.facebook.com\\\/GrupoMiranza\\\/\",\"https:\\\/\\\/x.com\\\/GrupoMiranza\",\"https:\\\/\\\/www.instagram.com\\\/grupomiranza\\\/\",\"https:\\\/\\\/www.linkedin.com\\\/company\\\/grupomiranza\",\"https:\\\/\\\/www.youtube.com\\\/channel\\\/UCX2gEI-gOFCbPHZ7QSTkLYQ\\\/featured\"]},{\"@type\":\"Person\",\"@id\":\"https:\\\/\\\/miranza.es\\\/en\\\/#\\\/schema\\\/person\\\/e01c042f39bcd4da7bc9b77d6e23bf76\",\"name\":\"Equipo Miranza\",\"image\":{\"@type\":\"ImageObject\",\"inLanguage\":\"en-US\",\"@id\":\"https:\\\/\\\/secure.gravatar.com\\\/avatar\\\/319e67a2c600de84615e0fdb3468ed425da29acb11edd895911d6403cf2975fd?s=96&d=mm&r=g\",\"url\":\"https:\\\/\\\/secure.gravatar.com\\\/avatar\\\/319e67a2c600de84615e0fdb3468ed425da29acb11edd895911d6403cf2975fd?s=96&d=mm&r=g\",\"contentUrl\":\"https:\\\/\\\/secure.gravatar.com\\\/avatar\\\/319e67a2c600de84615e0fdb3468ed425da29acb11edd895911d6403cf2975fd?s=96&d=mm&r=g\",\"caption\":\"Equipo Miranza\"}}]}<\/script>\n<!-- \/ Yoast SEO plugin. -->","yoast_head_json":{"title":"SOS Visi\u00f3n: Oftalmolog\u00eda para los m\u00e1s vulnerables | Miranza","description":"El programa SOS Visi\u00f3n de Miranza pretende paliar los problemas de visi\u00f3n de personas en situaci\u00f3n de vulnerabilidad. Conoce m\u00e1s sobre esta iniciativa.","robots":{"index":"index","follow":"follow","max-snippet":"max-snippet:-1","max-image-preview":"max-image-preview:large","max-video-preview":"max-video-preview:-1"},"canonical":"https:\/\/miranza.es\/en\/news\/sos-vision-oftalmologia-para-los-colectivos-mas-vulnerables\/","og_locale":"en_US","og_type":"article","og_title":"SOS Visi\u00f3n: Oftalmolog\u00eda para los m\u00e1s vulnerables | Miranza","og_description":"El programa SOS Visi\u00f3n de Miranza pretende paliar los problemas de visi\u00f3n de personas en situaci\u00f3n de vulnerabilidad. Conoce m\u00e1s sobre esta iniciativa.","og_url":"https:\/\/miranza.es\/en\/news\/sos-vision-oftalmologia-para-los-colectivos-mas-vulnerables\/","og_site_name":"Miranza","article_publisher":"https:\/\/www.facebook.com\/GrupoMiranza\/","article_published_time":"2021-07-02T11:57:33+00:00","article_modified_time":"2025-07-02T12:13:06+00:00","og_image":[{"width":1620,"height":1080,"url":"https:\/\/miranza.es\/wp-content\/uploads\/2020\/09\/banner1.jpg","type":"image\/jpeg"}],"author":"Equipo Miranza","twitter_card":"summary_large_image","twitter_creator":"@GrupoMiranza","twitter_site":"@GrupoMiranza","twitter_misc":{"Written by":"Equipo Miranza","Est. reading time":"2 minutes"},"schema":{"@context":"https:\/\/schema.org","@graph":[{"@type":"Article","@id":"https:\/\/miranza.es\/en\/news\/sos-vision-oftalmologia-para-los-colectivos-mas-vulnerables\/#article","isPartOf":{"@id":"https:\/\/miranza.es\/en\/news\/sos-vision-oftalmologia-para-los-colectivos-mas-vulnerables\/"},"author":{"name":"Equipo Miranza","@id":"https:\/\/miranza.es\/en\/#\/schema\/person\/e01c042f39bcd4da7bc9b77d6e23bf76"},"headline":"SOS Visi\u00f3n: ophthalmology for the most vulnerable groups","datePublished":"2021-07-02T11:57:33+00:00","dateModified":"2025-07-02T12:13:06+00:00","mainEntityOfPage":{"@id":"https:\/\/miranza.es\/en\/news\/sos-vision-oftalmologia-para-los-colectivos-mas-vulnerables\/"},"wordCount":318,"publisher":{"@id":"https:\/\/miranza.es\/en\/#organization"},"image":{"@id":"https:\/\/miranza.es\/en\/news\/sos-vision-oftalmologia-para-los-colectivos-mas-vulnerables\/#primaryimage"},"thumbnailUrl":"https:\/\/miranza.es\/wp-content\/uploads\/2020\/09\/banner1.jpg","keywords":["aut\u00f3nomos","coelectivos vulnerables","erte","Iniciativas","oftalmolog\u00eda","oftalmolog\u00eda accesible","paro","pensionistas","sos visi\u00f3n"],"articleSection":["News"],"inLanguage":"en-US"},{"@type":"WebPage","@id":"https:\/\/miranza.es\/en\/news\/sos-vision-oftalmologia-para-los-colectivos-mas-vulnerables\/","url":"https:\/\/miranza.es\/en\/news\/sos-vision-oftalmologia-para-los-colectivos-mas-vulnerables\/","name":"SOS Visi\u00f3n: Oftalmolog\u00eda para los m\u00e1s vulnerables | Miranza","isPartOf":{"@id":"https:\/\/miranza.es\/en\/#website"},"primaryImageOfPage":{"@id":"https:\/\/miranza.es\/en\/news\/sos-vision-oftalmologia-para-los-colectivos-mas-vulnerables\/#primaryimage"},"image":{"@id":"https:\/\/miranza.es\/en\/news\/sos-vision-oftalmologia-para-los-colectivos-mas-vulnerables\/#primaryimage"},"thumbnailUrl":"https:\/\/miranza.es\/wp-content\/uploads\/2020\/09\/banner1.jpg","datePublished":"2021-07-02T11:57:33+00:00","dateModified":"2025-07-02T12:13:06+00:00","description":"El programa SOS Visi\u00f3n de Miranza pretende paliar los problemas de visi\u00f3n de personas en situaci\u00f3n de vulnerabilidad. Conoce m\u00e1s sobre esta iniciativa.","breadcrumb":{"@id":"https:\/\/miranza.es\/en\/news\/sos-vision-oftalmologia-para-los-colectivos-mas-vulnerables\/#breadcrumb"},"inLanguage":"en-US","potentialAction":[{"@type":"ReadAction","target":["https:\/\/miranza.es\/en\/news\/sos-vision-oftalmologia-para-los-colectivos-mas-vulnerables\/"]}]},{"@type":"ImageObject","inLanguage":"en-US","@id":"https:\/\/miranza.es\/en\/news\/sos-vision-oftalmologia-para-los-colectivos-mas-vulnerables\/#primaryimage","url":"https:\/\/miranza.es\/wp-content\/uploads\/2020\/09\/banner1.jpg","contentUrl":"https:\/\/miranza.es\/wp-content\/uploads\/2020\/09\/banner1.jpg","width":1620,"height":1080,"caption":"Portrait of a beautiful senior woman in elegant glasses smiling at camera."},{"@type":"BreadcrumbList","@id":"https:\/\/miranza.es\/en\/news\/sos-vision-oftalmologia-para-los-colectivos-mas-vulnerables\/#breadcrumb","itemListElement":[{"@type":"ListItem","position":1,"name":"Home","item":"https:\/\/miranza.es\/en\/"},{"@type":"ListItem","position":2,"name":"News","item":"https:\/\/miranza.es\/en\/category\/news\/"},{"@type":"ListItem","position":3,"name":"SOS Visi\u00f3n: ophthalmology for the most vulnerable groups"}]},{"@type":"WebSite","@id":"https:\/\/miranza.es\/en\/#website","url":"https:\/\/miranza.es\/en\/","name":"Miranza","description":"Somos tus centros de excelencia, especialistas en bienestar ocular. Estamos a tu lado, creando nuevos horizontes para seguir viendo.","publisher":{"@id":"https:\/\/miranza.es\/en\/#organization"},"potentialAction":[{"@type":"SearchAction","target":{"@type":"EntryPoint","urlTemplate":"https:\/\/miranza.es\/en\/?s={search_term_string}"},"query-input":{"@type":"PropertyValueSpecification","valueRequired":true,"valueName":"search_term_string"}}],"inLanguage":"en-US"},{"@type":"Organization","@id":"https:\/\/miranza.es\/en\/#organization","name":"Miranza","url":"https:\/\/miranza.es\/en\/","logo":{"@type":"ImageObject","inLanguage":"en-US","@id":"https:\/\/miranza.es\/en\/#\/schema\/logo\/image\/","url":"https:\/\/miranza.es\/wp-content\/uploads\/2024\/04\/logo-miranza.jpg","contentUrl":"https:\/\/miranza.es\/wp-content\/uploads\/2024\/04\/logo-miranza.jpg","width":600,"height":600,"caption":"Miranza"},"image":{"@id":"https:\/\/miranza.es\/en\/#\/schema\/logo\/image\/"},"sameAs":["https:\/\/www.facebook.com\/GrupoMiranza\/","https:\/\/x.com\/GrupoMiranza","https:\/\/www.instagram.com\/grupomiranza\/","https:\/\/www.linkedin.com\/company\/grupomiranza","https:\/\/www.youtube.com\/channel\/UCX2gEI-gOFCbPHZ7QSTkLYQ\/featured"]},{"@type":"Person","@id":"https:\/\/miranza.es\/en\/#\/schema\/person\/e01c042f39bcd4da7bc9b77d6e23bf76","name":"Equipo Miranza","image":{"@type":"ImageObject","inLanguage":"en-US","@id":"https:\/\/secure.gravatar.com\/avatar\/319e67a2c600de84615e0fdb3468ed425da29acb11edd895911d6403cf2975fd?s=96&d=mm&r=g","url":"https:\/\/secure.gravatar.com\/avatar\/319e67a2c600de84615e0fdb3468ed425da29acb11edd895911d6403cf2975fd?s=96&d=mm&r=g","contentUrl":"https:\/\/secure.gravatar.com\/avatar\/319e67a2c600de84615e0fdb3468ed425da29acb11edd895911d6403cf2975fd?s=96&d=mm&r=g","caption":"Equipo Miranza"}}]}},"_links":{"self":[{"href":"https:\/\/miranza.es\/en\/wp-json\/wp\/v2\/posts\/119544","targetHints":{"allow":["GET"]}}],"collection":[{"href":"https:\/\/miranza.es\/en\/wp-json\/wp\/v2\/posts"}],"about":[{"href":"https:\/\/miranza.es\/en\/wp-json\/wp\/v2\/types\/post"}],"author":[{"embeddable":true,"href":"https:\/\/miranza.es\/en\/wp-json\/wp\/v2\/users\/1"}],"replies":[{"embeddable":true,"href":"https:\/\/miranza.es\/en\/wp-json\/wp\/v2\/comments?post=119544"}],"version-history":[{"count":1,"href":"https:\/\/miranza.es\/en\/wp-json\/wp\/v2\/posts\/119544\/revisions"}],"predecessor-version":[{"id":119545,"href":"https:\/\/miranza.es\/en\/wp-json\/wp\/v2\/posts\/119544\/revisions\/119545"}],"wp:featuredmedia":[{"embeddable":true,"href":"https:\/\/miranza.es\/en\/wp-json\/wp\/v2\/media\/14392"}],"wp:attachment":[{"href":"https:\/\/miranza.es\/en\/wp-json\/wp\/v2\/media?parent=119544"}],"wp:term":[{"taxonomy":"category","embeddable":true,"href":"https:\/\/miranza.es\/en\/wp-json\/wp\/v2\/categories?post=119544"},{"taxonomy":"post_tag","embeddable":true,"href":"https:\/\/miranza.es\/en\/wp-json\/wp\/v2\/tags?post=119544"}],"curies":[{"name":"wp","href":"https:\/\/api.w.org\/{rel}","templated":true}]}}