{"id":119469,"date":"2021-10-18T16:27:21","date_gmt":"2021-10-18T14:27:21","guid":{"rendered":"https:\/\/miranza.es\/uncategorized\/la-dra-maria-gessa-nueva-directora-medica-de-miranza-virgen-de-lujan\/"},"modified":"2024-10-31T10:24:58","modified_gmt":"2024-10-31T09:24:58","slug":"la-dra-maria-gessa-nueva-directora-medica-de-miranza-virgen-de-lujan","status":"publish","type":"post","link":"https:\/\/miranza.es\/en\/news\/la-dra-maria-gessa-nueva-directora-medica-de-miranza-virgen-de-lujan\/","title":{"rendered":"Dr Mar\u00eda Gessa, the new medical director at Miranza Virgen de Luj\u00e1n"},"content":{"rendered":"\n<p><strong>The ophthalmologist from Seville specialises in state-of-the-art techniques in corneal transplantation and reconstruction of the ocular surface.<\/strong><\/p>\n\n\n\n<p>At Miranza, we have chosen <a href=\"https:\/\/miranza.es\/en\/treatments\/cataract-surgery\/\">Dr Mar\u00eda Gessa<\/a> as the new medical director of our <a href=\"https:\/\/miranza.es\/en\/our-eye-clinics\/miranza-virgen-de-lujan\/\">Miranza Virgen de Luj\u00e1n<\/a> centre in Seville. Until now the clinic&#8217;s care coordinator, the ophthalmologist takes over from Dr Francisco Arg\u00fceso, the centre&#8217;s founder, which, in its more than 25\u00a0years of experience, has become a benchmark in comprehensive eye health and wellness care in this province.<\/p>\n\n\n\n<p>Dr Gessa, who works in different subspecialties of ophthalmology, such as cornea, <a href=\"https:\/\/miranza.es\/en\/pathologies\/cataracts\/\">cataract<\/a>, refractive surgery, oculoplastics and glaucoma, blends youth and experience thanks to an intense training journey and professional career. With a PhD (Outstanding Cum Laude) from the University of Seville, she extended her training with stays at leading centres, such as Vissum \u2013 currently also part of the Grupo Miranza network \u2013, and has spent part of her career at the Virgen Macarena University Hospital, from where she made a leap to Miranza Virgen de Luj\u00e1n in 2020.<\/p>\n\n\n\n<h2 class=\"wp-block-heading\"><strong>Coordinator of the Miranza Cornea Group<\/strong><\/h2>\n\n\n\n<p>The ophthalmologist currently coordinates the Miranza Cornea Group, made up of some of the country&#8217;s leading professionals in this speciality on an international level, such as <a href=\"https:\/\/www.imo.es\/en\/medical-team\/jose-luis-guell\/\">Dr Jos\u00e9 Luis G\u00fcell<\/a> or <a href=\"https:\/\/miranza.servidor.gal\/wp-admin\/post.php?lang=en&amp;action=edit&amp;post_type=post&amp;post=26963\">Dr Jorge Ali\u00f3<\/a>. One of Dr Gessa&#8217;s main areas of expertise is in the field of <a href=\"https:\/\/miranza.es\/en\/treatments\/corneal-transplant\/\">corneal transplants<\/a> and the reconstruction of the ocular surface using techniques, such as the use of <a href=\"https:\/\/miranza.es\/en\/eye-wellness-blog\/reconstruir-la-cornea-con-membrana-amniotica-2\/\">amniotic membrane<\/a>, a leading procedure in our country thanks to Miranza\u2019s doctors. She also specialises in ocular oncology.<\/p>\n\n\n\n<h2 class=\"wp-block-heading\">Scientific and teaching involvement<\/h2>\n\n\n\n<p>In addition to her care work in the consulting room and operating theatre, Dr Gessa stands out for her scientific involvement, as she has participated in several clinical trials and presented more than 70&nbsp;papers at national and international congresses. She has received awards for this and features more than thirty publications in ophthalmological magazines and books.<\/p>\n\n\n\n<p>Another pillar of her activity is teaching, where she combines her position on the Miranza Training Committee and her positions on the subcommittees of Head and Neck Tumours and Adult Ocular Oncology at the Virgen Macarena University Hospital, where she is also a clinical practice tutor. On the other hand, she also actively works with the Andalusian Health Service by giving several continuing education courses and being a member of the Expert Group for the Development of the Corporate Competence Map for Ophthalmology Specialists.<\/p>\n\n\n\n<h2 class=\"wp-block-heading\"><strong>Promoting networking<\/strong><\/h2>\n\n\n\n<p>At the head of the medical direction of Miranza Virgen de Luj\u00e1n, Dr Gessa now coordinates a team made up of six ophthalmologists, as well as working in a network with the more than 170&nbsp;specialists who are part of our group, driven by an exclusive collegial medical direction in ophthalmology in Spain, Miranza&#8217;s <a href=\"https:\/\/miranza.es\/en\/news\/miranzas-clf-pioneering-ophthalmology\/\">Clinical Leaders Forum<\/a>.<\/p>\n","protected":false},"excerpt":{"rendered":"<p>The ophthalmologist from Seville specialises in state-of-the-art techniques in corneal transplantation and reconstruction of the ocular surface. At Miranza, we have chosen Dr Mar\u00eda Gessa as the new medical director of our Miranza Virgen de Luj\u00e1n centre in Seville. Until now the clinic&#8217;s care coordinator, the ophthalmologist takes over from Dr Francisco Arg\u00fceso, the centre&#8217;s [&hellip;]<\/p>\n","protected":false},"author":1,"featured_media":23000,"comment_status":"closed","ping_status":"closed","sticky":false,"template":"","format":"standard","meta":{"_acf_changed":false,"inline_featured_image":false,"footnotes":""},"categories":[4],"tags":[604,558,605,606,607],"class_list":["post-119469","post","type-post","status-publish","format-standard","has-post-thumbnail","hentry","category-news","tag-miranza-virgen-de-lujan-en","tag-oftalmologia-2-en","tag-oftamologos-en","tag-profesionales-en","tag-profesionales-grupo-miranza-en"],"acf":[],"yoast_head":"<!-- This site is optimized with the Yoast SEO plugin v27.3 - https:\/\/yoast.com\/product\/yoast-seo-wordpress\/ -->\n<title>Dra. Mar\u00eda Gessa: directora m\u00e9dica Virgen de Luj\u00e1n | Miranza<\/title>\n<meta name=\"description\" content=\"En Miranza contamos con l\u00edderes en oftalmolog\u00eda, como la Dra. Mar\u00eda Gessa, nueva directora m\u00e9dica de Miranza Virgen de Luj\u00e1n. Conoce a nuestros especialistas.\" \/>\n<meta name=\"robots\" content=\"index, follow, max-snippet:-1, max-image-preview:large, max-video-preview:-1\" \/>\n<link rel=\"canonical\" href=\"https:\/\/miranza.es\/en\/news\/la-dra-maria-gessa-nueva-directora-medica-de-miranza-virgen-de-lujan\/\" \/>\n<meta property=\"og:locale\" content=\"en_US\" \/>\n<meta property=\"og:type\" content=\"article\" \/>\n<meta property=\"og:title\" content=\"Dra. Mar\u00eda Gessa: directora m\u00e9dica Virgen de Luj\u00e1n | Miranza\" \/>\n<meta property=\"og:description\" content=\"En Miranza contamos con l\u00edderes en oftalmolog\u00eda, como la Dra. Mar\u00eda Gessa, nueva directora m\u00e9dica de Miranza Virgen de Luj\u00e1n. Conoce a nuestros especialistas.\" \/>\n<meta property=\"og:url\" content=\"https:\/\/miranza.es\/en\/news\/la-dra-maria-gessa-nueva-directora-medica-de-miranza-virgen-de-lujan\/\" \/>\n<meta property=\"og:site_name\" content=\"Miranza\" \/>\n<meta property=\"article:publisher\" content=\"https:\/\/www.facebook.com\/GrupoMiranza\/\" \/>\n<meta property=\"article:published_time\" content=\"2021-10-18T14:27:21+00:00\" \/>\n<meta property=\"article:modified_time\" content=\"2024-10-31T09:24:58+00:00\" \/>\n<meta property=\"og:image\" content=\"https:\/\/miranza.es\/wp-content\/uploads\/2021\/10\/Miranza-Sevilla-por-Lupe-de-la-Vallina-Gessa.jpg\" \/>\n\t<meta property=\"og:image:width\" content=\"870\" \/>\n\t<meta property=\"og:image:height\" content=\"670\" \/>\n\t<meta property=\"og:image:type\" content=\"image\/jpeg\" \/>\n<meta name=\"author\" content=\"Equipo Miranza\" \/>\n<meta name=\"twitter:card\" content=\"summary_large_image\" \/>\n<meta name=\"twitter:creator\" content=\"@GrupoMiranza\" \/>\n<meta name=\"twitter:site\" content=\"@GrupoMiranza\" \/>\n<meta name=\"twitter:label1\" content=\"Written by\" \/>\n\t<meta name=\"twitter:data1\" content=\"Equipo Miranza\" \/>\n\t<meta name=\"twitter:label2\" content=\"Est. reading time\" \/>\n\t<meta name=\"twitter:data2\" content=\"3 minutes\" \/>\n<script type=\"application\/ld+json\" class=\"yoast-schema-graph\">{\"@context\":\"https:\\\/\\\/schema.org\",\"@graph\":[{\"@type\":\"Article\",\"@id\":\"https:\\\/\\\/miranza.es\\\/en\\\/news\\\/la-dra-maria-gessa-nueva-directora-medica-de-miranza-virgen-de-lujan\\\/#article\",\"isPartOf\":{\"@id\":\"https:\\\/\\\/miranza.es\\\/en\\\/news\\\/la-dra-maria-gessa-nueva-directora-medica-de-miranza-virgen-de-lujan\\\/\"},\"author\":{\"name\":\"Equipo Miranza\",\"@id\":\"https:\\\/\\\/miranza.es\\\/en\\\/#\\\/schema\\\/person\\\/e01c042f39bcd4da7bc9b77d6e23bf76\"},\"headline\":\"Dr Mar\u00eda Gessa, the new medical director at Miranza Virgen de Luj\u00e1n\",\"datePublished\":\"2021-10-18T14:27:21+00:00\",\"dateModified\":\"2024-10-31T09:24:58+00:00\",\"mainEntityOfPage\":{\"@id\":\"https:\\\/\\\/miranza.es\\\/en\\\/news\\\/la-dra-maria-gessa-nueva-directora-medica-de-miranza-virgen-de-lujan\\\/\"},\"wordCount\":482,\"publisher\":{\"@id\":\"https:\\\/\\\/miranza.es\\\/en\\\/#organization\"},\"image\":{\"@id\":\"https:\\\/\\\/miranza.es\\\/en\\\/news\\\/la-dra-maria-gessa-nueva-directora-medica-de-miranza-virgen-de-lujan\\\/#primaryimage\"},\"thumbnailUrl\":\"https:\\\/\\\/miranza.es\\\/wp-content\\\/uploads\\\/2021\\\/10\\\/Miranza-Sevilla-por-Lupe-de-la-Vallina-Gessa.jpg\",\"keywords\":[\"Miranza Virgen de Luj\u00e1n\",\"oftalmologia\",\"oftamologos\",\"profesionales\",\"profesionales grupo miranza\"],\"articleSection\":[\"News\"],\"inLanguage\":\"en-US\"},{\"@type\":\"WebPage\",\"@id\":\"https:\\\/\\\/miranza.es\\\/en\\\/news\\\/la-dra-maria-gessa-nueva-directora-medica-de-miranza-virgen-de-lujan\\\/\",\"url\":\"https:\\\/\\\/miranza.es\\\/en\\\/news\\\/la-dra-maria-gessa-nueva-directora-medica-de-miranza-virgen-de-lujan\\\/\",\"name\":\"Dra. Mar\u00eda Gessa: directora m\u00e9dica Virgen de Luj\u00e1n | Miranza\",\"isPartOf\":{\"@id\":\"https:\\\/\\\/miranza.es\\\/en\\\/#website\"},\"primaryImageOfPage\":{\"@id\":\"https:\\\/\\\/miranza.es\\\/en\\\/news\\\/la-dra-maria-gessa-nueva-directora-medica-de-miranza-virgen-de-lujan\\\/#primaryimage\"},\"image\":{\"@id\":\"https:\\\/\\\/miranza.es\\\/en\\\/news\\\/la-dra-maria-gessa-nueva-directora-medica-de-miranza-virgen-de-lujan\\\/#primaryimage\"},\"thumbnailUrl\":\"https:\\\/\\\/miranza.es\\\/wp-content\\\/uploads\\\/2021\\\/10\\\/Miranza-Sevilla-por-Lupe-de-la-Vallina-Gessa.jpg\",\"datePublished\":\"2021-10-18T14:27:21+00:00\",\"dateModified\":\"2024-10-31T09:24:58+00:00\",\"description\":\"En Miranza contamos con l\u00edderes en oftalmolog\u00eda, como la Dra. Mar\u00eda Gessa, nueva directora m\u00e9dica de Miranza Virgen de Luj\u00e1n. Conoce a nuestros especialistas.\",\"breadcrumb\":{\"@id\":\"https:\\\/\\\/miranza.es\\\/en\\\/news\\\/la-dra-maria-gessa-nueva-directora-medica-de-miranza-virgen-de-lujan\\\/#breadcrumb\"},\"inLanguage\":\"en-US\",\"potentialAction\":[{\"@type\":\"ReadAction\",\"target\":[\"https:\\\/\\\/miranza.es\\\/en\\\/news\\\/la-dra-maria-gessa-nueva-directora-medica-de-miranza-virgen-de-lujan\\\/\"]}]},{\"@type\":\"ImageObject\",\"inLanguage\":\"en-US\",\"@id\":\"https:\\\/\\\/miranza.es\\\/en\\\/news\\\/la-dra-maria-gessa-nueva-directora-medica-de-miranza-virgen-de-lujan\\\/#primaryimage\",\"url\":\"https:\\\/\\\/miranza.es\\\/wp-content\\\/uploads\\\/2021\\\/10\\\/Miranza-Sevilla-por-Lupe-de-la-Vallina-Gessa.jpg\",\"contentUrl\":\"https:\\\/\\\/miranza.es\\\/wp-content\\\/uploads\\\/2021\\\/10\\\/Miranza-Sevilla-por-Lupe-de-la-Vallina-Gessa.jpg\",\"width\":870,\"height\":670,\"caption\":\"Miranza Sevilla por Lupe de la Vallina Gessa\"},{\"@type\":\"BreadcrumbList\",\"@id\":\"https:\\\/\\\/miranza.es\\\/en\\\/news\\\/la-dra-maria-gessa-nueva-directora-medica-de-miranza-virgen-de-lujan\\\/#breadcrumb\",\"itemListElement\":[{\"@type\":\"ListItem\",\"position\":1,\"name\":\"Home\",\"item\":\"https:\\\/\\\/miranza.es\\\/en\\\/\"},{\"@type\":\"ListItem\",\"position\":2,\"name\":\"News\",\"item\":\"https:\\\/\\\/miranza.es\\\/en\\\/category\\\/news\\\/\"},{\"@type\":\"ListItem\",\"position\":3,\"name\":\"Dr Mar\u00eda Gessa, the new medical director at Miranza Virgen de Luj\u00e1n\"}]},{\"@type\":\"WebSite\",\"@id\":\"https:\\\/\\\/miranza.es\\\/en\\\/#website\",\"url\":\"https:\\\/\\\/miranza.es\\\/en\\\/\",\"name\":\"Miranza\",\"description\":\"Somos tus centros de excelencia, especialistas en bienestar ocular. Estamos a tu lado, creando nuevos horizontes para seguir viendo.\",\"publisher\":{\"@id\":\"https:\\\/\\\/miranza.es\\\/en\\\/#organization\"},\"potentialAction\":[{\"@type\":\"SearchAction\",\"target\":{\"@type\":\"EntryPoint\",\"urlTemplate\":\"https:\\\/\\\/miranza.es\\\/en\\\/?s={search_term_string}\"},\"query-input\":{\"@type\":\"PropertyValueSpecification\",\"valueRequired\":true,\"valueName\":\"search_term_string\"}}],\"inLanguage\":\"en-US\"},{\"@type\":\"Organization\",\"@id\":\"https:\\\/\\\/miranza.es\\\/en\\\/#organization\",\"name\":\"Miranza\",\"url\":\"https:\\\/\\\/miranza.es\\\/en\\\/\",\"logo\":{\"@type\":\"ImageObject\",\"inLanguage\":\"en-US\",\"@id\":\"https:\\\/\\\/miranza.es\\\/en\\\/#\\\/schema\\\/logo\\\/image\\\/\",\"url\":\"https:\\\/\\\/miranza.es\\\/wp-content\\\/uploads\\\/2024\\\/04\\\/logo-miranza.jpg\",\"contentUrl\":\"https:\\\/\\\/miranza.es\\\/wp-content\\\/uploads\\\/2024\\\/04\\\/logo-miranza.jpg\",\"width\":600,\"height\":600,\"caption\":\"Miranza\"},\"image\":{\"@id\":\"https:\\\/\\\/miranza.es\\\/en\\\/#\\\/schema\\\/logo\\\/image\\\/\"},\"sameAs\":[\"https:\\\/\\\/www.facebook.com\\\/GrupoMiranza\\\/\",\"https:\\\/\\\/x.com\\\/GrupoMiranza\",\"https:\\\/\\\/www.instagram.com\\\/grupomiranza\\\/\",\"https:\\\/\\\/www.linkedin.com\\\/company\\\/grupomiranza\",\"https:\\\/\\\/www.youtube.com\\\/channel\\\/UCX2gEI-gOFCbPHZ7QSTkLYQ\\\/featured\"]},{\"@type\":\"Person\",\"@id\":\"https:\\\/\\\/miranza.es\\\/en\\\/#\\\/schema\\\/person\\\/e01c042f39bcd4da7bc9b77d6e23bf76\",\"name\":\"Equipo Miranza\",\"image\":{\"@type\":\"ImageObject\",\"inLanguage\":\"en-US\",\"@id\":\"https:\\\/\\\/secure.gravatar.com\\\/avatar\\\/319e67a2c600de84615e0fdb3468ed425da29acb11edd895911d6403cf2975fd?s=96&d=mm&r=g\",\"url\":\"https:\\\/\\\/secure.gravatar.com\\\/avatar\\\/319e67a2c600de84615e0fdb3468ed425da29acb11edd895911d6403cf2975fd?s=96&d=mm&r=g\",\"contentUrl\":\"https:\\\/\\\/secure.gravatar.com\\\/avatar\\\/319e67a2c600de84615e0fdb3468ed425da29acb11edd895911d6403cf2975fd?s=96&d=mm&r=g\",\"caption\":\"Equipo Miranza\"}}]}<\/script>\n<!-- \/ Yoast SEO plugin. -->","yoast_head_json":{"title":"Dra. Mar\u00eda Gessa: directora m\u00e9dica Virgen de Luj\u00e1n | Miranza","description":"En Miranza contamos con l\u00edderes en oftalmolog\u00eda, como la Dra. Mar\u00eda Gessa, nueva directora m\u00e9dica de Miranza Virgen de Luj\u00e1n. Conoce a nuestros especialistas.","robots":{"index":"index","follow":"follow","max-snippet":"max-snippet:-1","max-image-preview":"max-image-preview:large","max-video-preview":"max-video-preview:-1"},"canonical":"https:\/\/miranza.es\/en\/news\/la-dra-maria-gessa-nueva-directora-medica-de-miranza-virgen-de-lujan\/","og_locale":"en_US","og_type":"article","og_title":"Dra. Mar\u00eda Gessa: directora m\u00e9dica Virgen de Luj\u00e1n | Miranza","og_description":"En Miranza contamos con l\u00edderes en oftalmolog\u00eda, como la Dra. Mar\u00eda Gessa, nueva directora m\u00e9dica de Miranza Virgen de Luj\u00e1n. Conoce a nuestros especialistas.","og_url":"https:\/\/miranza.es\/en\/news\/la-dra-maria-gessa-nueva-directora-medica-de-miranza-virgen-de-lujan\/","og_site_name":"Miranza","article_publisher":"https:\/\/www.facebook.com\/GrupoMiranza\/","article_published_time":"2021-10-18T14:27:21+00:00","article_modified_time":"2024-10-31T09:24:58+00:00","og_image":[{"width":870,"height":670,"url":"https:\/\/miranza.es\/wp-content\/uploads\/2021\/10\/Miranza-Sevilla-por-Lupe-de-la-Vallina-Gessa.jpg","type":"image\/jpeg"}],"author":"Equipo Miranza","twitter_card":"summary_large_image","twitter_creator":"@GrupoMiranza","twitter_site":"@GrupoMiranza","twitter_misc":{"Written by":"Equipo Miranza","Est. reading time":"3 minutes"},"schema":{"@context":"https:\/\/schema.org","@graph":[{"@type":"Article","@id":"https:\/\/miranza.es\/en\/news\/la-dra-maria-gessa-nueva-directora-medica-de-miranza-virgen-de-lujan\/#article","isPartOf":{"@id":"https:\/\/miranza.es\/en\/news\/la-dra-maria-gessa-nueva-directora-medica-de-miranza-virgen-de-lujan\/"},"author":{"name":"Equipo Miranza","@id":"https:\/\/miranza.es\/en\/#\/schema\/person\/e01c042f39bcd4da7bc9b77d6e23bf76"},"headline":"Dr Mar\u00eda Gessa, the new medical director at Miranza Virgen de Luj\u00e1n","datePublished":"2021-10-18T14:27:21+00:00","dateModified":"2024-10-31T09:24:58+00:00","mainEntityOfPage":{"@id":"https:\/\/miranza.es\/en\/news\/la-dra-maria-gessa-nueva-directora-medica-de-miranza-virgen-de-lujan\/"},"wordCount":482,"publisher":{"@id":"https:\/\/miranza.es\/en\/#organization"},"image":{"@id":"https:\/\/miranza.es\/en\/news\/la-dra-maria-gessa-nueva-directora-medica-de-miranza-virgen-de-lujan\/#primaryimage"},"thumbnailUrl":"https:\/\/miranza.es\/wp-content\/uploads\/2021\/10\/Miranza-Sevilla-por-Lupe-de-la-Vallina-Gessa.jpg","keywords":["Miranza Virgen de Luj\u00e1n","oftalmologia","oftamologos","profesionales","profesionales grupo miranza"],"articleSection":["News"],"inLanguage":"en-US"},{"@type":"WebPage","@id":"https:\/\/miranza.es\/en\/news\/la-dra-maria-gessa-nueva-directora-medica-de-miranza-virgen-de-lujan\/","url":"https:\/\/miranza.es\/en\/news\/la-dra-maria-gessa-nueva-directora-medica-de-miranza-virgen-de-lujan\/","name":"Dra. Mar\u00eda Gessa: directora m\u00e9dica Virgen de Luj\u00e1n | Miranza","isPartOf":{"@id":"https:\/\/miranza.es\/en\/#website"},"primaryImageOfPage":{"@id":"https:\/\/miranza.es\/en\/news\/la-dra-maria-gessa-nueva-directora-medica-de-miranza-virgen-de-lujan\/#primaryimage"},"image":{"@id":"https:\/\/miranza.es\/en\/news\/la-dra-maria-gessa-nueva-directora-medica-de-miranza-virgen-de-lujan\/#primaryimage"},"thumbnailUrl":"https:\/\/miranza.es\/wp-content\/uploads\/2021\/10\/Miranza-Sevilla-por-Lupe-de-la-Vallina-Gessa.jpg","datePublished":"2021-10-18T14:27:21+00:00","dateModified":"2024-10-31T09:24:58+00:00","description":"En Miranza contamos con l\u00edderes en oftalmolog\u00eda, como la Dra. Mar\u00eda Gessa, nueva directora m\u00e9dica de Miranza Virgen de Luj\u00e1n. Conoce a nuestros especialistas.","breadcrumb":{"@id":"https:\/\/miranza.es\/en\/news\/la-dra-maria-gessa-nueva-directora-medica-de-miranza-virgen-de-lujan\/#breadcrumb"},"inLanguage":"en-US","potentialAction":[{"@type":"ReadAction","target":["https:\/\/miranza.es\/en\/news\/la-dra-maria-gessa-nueva-directora-medica-de-miranza-virgen-de-lujan\/"]}]},{"@type":"ImageObject","inLanguage":"en-US","@id":"https:\/\/miranza.es\/en\/news\/la-dra-maria-gessa-nueva-directora-medica-de-miranza-virgen-de-lujan\/#primaryimage","url":"https:\/\/miranza.es\/wp-content\/uploads\/2021\/10\/Miranza-Sevilla-por-Lupe-de-la-Vallina-Gessa.jpg","contentUrl":"https:\/\/miranza.es\/wp-content\/uploads\/2021\/10\/Miranza-Sevilla-por-Lupe-de-la-Vallina-Gessa.jpg","width":870,"height":670,"caption":"Miranza Sevilla por Lupe de la Vallina Gessa"},{"@type":"BreadcrumbList","@id":"https:\/\/miranza.es\/en\/news\/la-dra-maria-gessa-nueva-directora-medica-de-miranza-virgen-de-lujan\/#breadcrumb","itemListElement":[{"@type":"ListItem","position":1,"name":"Home","item":"https:\/\/miranza.es\/en\/"},{"@type":"ListItem","position":2,"name":"News","item":"https:\/\/miranza.es\/en\/category\/news\/"},{"@type":"ListItem","position":3,"name":"Dr Mar\u00eda Gessa, the new medical director at Miranza Virgen de Luj\u00e1n"}]},{"@type":"WebSite","@id":"https:\/\/miranza.es\/en\/#website","url":"https:\/\/miranza.es\/en\/","name":"Miranza","description":"Somos tus centros de excelencia, especialistas en bienestar ocular. Estamos a tu lado, creando nuevos horizontes para seguir viendo.","publisher":{"@id":"https:\/\/miranza.es\/en\/#organization"},"potentialAction":[{"@type":"SearchAction","target":{"@type":"EntryPoint","urlTemplate":"https:\/\/miranza.es\/en\/?s={search_term_string}"},"query-input":{"@type":"PropertyValueSpecification","valueRequired":true,"valueName":"search_term_string"}}],"inLanguage":"en-US"},{"@type":"Organization","@id":"https:\/\/miranza.es\/en\/#organization","name":"Miranza","url":"https:\/\/miranza.es\/en\/","logo":{"@type":"ImageObject","inLanguage":"en-US","@id":"https:\/\/miranza.es\/en\/#\/schema\/logo\/image\/","url":"https:\/\/miranza.es\/wp-content\/uploads\/2024\/04\/logo-miranza.jpg","contentUrl":"https:\/\/miranza.es\/wp-content\/uploads\/2024\/04\/logo-miranza.jpg","width":600,"height":600,"caption":"Miranza"},"image":{"@id":"https:\/\/miranza.es\/en\/#\/schema\/logo\/image\/"},"sameAs":["https:\/\/www.facebook.com\/GrupoMiranza\/","https:\/\/x.com\/GrupoMiranza","https:\/\/www.instagram.com\/grupomiranza\/","https:\/\/www.linkedin.com\/company\/grupomiranza","https:\/\/www.youtube.com\/channel\/UCX2gEI-gOFCbPHZ7QSTkLYQ\/featured"]},{"@type":"Person","@id":"https:\/\/miranza.es\/en\/#\/schema\/person\/e01c042f39bcd4da7bc9b77d6e23bf76","name":"Equipo Miranza","image":{"@type":"ImageObject","inLanguage":"en-US","@id":"https:\/\/secure.gravatar.com\/avatar\/319e67a2c600de84615e0fdb3468ed425da29acb11edd895911d6403cf2975fd?s=96&d=mm&r=g","url":"https:\/\/secure.gravatar.com\/avatar\/319e67a2c600de84615e0fdb3468ed425da29acb11edd895911d6403cf2975fd?s=96&d=mm&r=g","contentUrl":"https:\/\/secure.gravatar.com\/avatar\/319e67a2c600de84615e0fdb3468ed425da29acb11edd895911d6403cf2975fd?s=96&d=mm&r=g","caption":"Equipo Miranza"}}]}},"_links":{"self":[{"href":"https:\/\/miranza.es\/en\/wp-json\/wp\/v2\/posts\/119469","targetHints":{"allow":["GET"]}}],"collection":[{"href":"https:\/\/miranza.es\/en\/wp-json\/wp\/v2\/posts"}],"about":[{"href":"https:\/\/miranza.es\/en\/wp-json\/wp\/v2\/types\/post"}],"author":[{"embeddable":true,"href":"https:\/\/miranza.es\/en\/wp-json\/wp\/v2\/users\/1"}],"replies":[{"embeddable":true,"href":"https:\/\/miranza.es\/en\/wp-json\/wp\/v2\/comments?post=119469"}],"version-history":[{"count":2,"href":"https:\/\/miranza.es\/en\/wp-json\/wp\/v2\/posts\/119469\/revisions"}],"predecessor-version":[{"id":204201,"href":"https:\/\/miranza.es\/en\/wp-json\/wp\/v2\/posts\/119469\/revisions\/204201"}],"wp:featuredmedia":[{"embeddable":true,"href":"https:\/\/miranza.es\/en\/wp-json\/wp\/v2\/media\/23000"}],"wp:attachment":[{"href":"https:\/\/miranza.es\/en\/wp-json\/wp\/v2\/media?parent=119469"}],"wp:term":[{"taxonomy":"category","embeddable":true,"href":"https:\/\/miranza.es\/en\/wp-json\/wp\/v2\/categories?post=119469"},{"taxonomy":"post_tag","embeddable":true,"href":"https:\/\/miranza.es\/en\/wp-json\/wp\/v2\/tags?post=119469"}],"curies":[{"name":"wp","href":"https:\/\/api.w.org\/{rel}","templated":true}]}}