{"id":119237,"date":"2021-03-22T18:27:26","date_gmt":"2021-03-22T16:27:26","guid":{"rendered":"https:\/\/miranza.es\/uncategorized\/recupera-cerca-de-un-30-de-vision-tras-haberla-perdido-por-un-traumatismo-ocular\/"},"modified":"2024-02-02T13:28:02","modified_gmt":"2024-02-02T12:28:02","slug":"recupera-cerca-de-un-30-de-vision-tras-haberla-perdido-por-un-traumatismo-ocular","status":"publish","type":"post","link":"https:\/\/miranza.es\/en\/news\/recupera-cerca-de-un-30-de-vision-tras-haberla-perdido-por-un-traumatismo-ocular\/","title":{"rendered":"Recovery of nearly 30% of vision lost due to ocular trauma"},"content":{"rendered":"\n<h2 class=\"wp-block-heading\">IMO Grupo Miranza professional Dr Garc\u00eda-Arum\u00ed restores eyesight of &#8220;abandoned&#8221; patient with haemorrhaging and retinal detachment caused by impacts of air-gun projectiles and failed surgical procedure<\/h2>\n\n\n\n<p>Retinal detachment due to <a href=\"https:\/\/miranza.es\/en\/pathologies\/eye-injuries\/\">ocular trauma<\/a> is particularly complex and requires highly specialised treatment. This is reflected by the experience of Manuel \u00c1ngel Pageo, who suffered an accident that nearly blinded him for life. Several parts of his body and both his eyes were damaged by the impacts of air-gun projectiles. He immediately went to hospital for emergency care, where he was treated by several specialists who were unable to resolve his visual impairment.<\/p>\n\n\n\n<p>&#8220;I could barely see, but they said they couldn\u2019t operate because of all the blood inside my eye, and I was told to wait. After 15 days, they finally operated on me. A week later, in the post-operative check-up, they found that my eyes were in urgent need of surgery. At that point, I decided to get a second opinion, and they recommended that I go to Barcelona, to IMO Grupo Miranza&#8221;, Manuel \u00c1ngel recounts.<\/p>\n\n\n\n<p>From that moment onwards, his case changed completely. He entrusted his care to Dr Jos\u00e9 Garc\u00eda-Arum\u00ed, who explained to him the complexity of the trauma, as he was suffering not only severe intraocular haemorrhaging but also retinal detachment in both eyes. The patient required immediate surgery and, in particular, a highly precise and expert surgeon, due to the damage to the macula or central area of the retina, which is the part of the eye that provides detailed vision.<\/p>\n\n\n\n<p>A partir de aqu\u00ed, todo cambi\u00f3 para \u00e9l. Se puso en manos del <a href=\"https:\/\/www.imo.es\/en\/medical-team\/jose-garcia-arumi\/\">Dr. Jos\u00e9 Garc\u00eda-Arum\u00ed<\/a>, quien le explic\u00f3 la complejidad del caso, ya que, adem\u00e1s de una hemorragia intraocular severa, presentaba <a href=\"https:\/\/miranza.es\/en\/pathologies\/retinal-detachment\/\">desprendimiento de retina <\/a>en los dos ojos. Esto requer\u00eda no demorar m\u00e1s la cirug\u00eda y, sobre todo, ejecutarla con gran precisi\u00f3n y de forma experta, ya que la m\u00e1cula o parte central de la retina \u2013la parte del ojo responsable de la visi\u00f3n de detalle\u2013 hab\u00eda quedado da\u00f1ada.&nbsp;<\/p>\n\n\n\n<p>From that moment onwards, his case changed completely. He entrusted his care to <a href=\"https:\/\/www.imo.es\/en\/medical-team\/jose-garcia-arumi\/\">Dr Jos\u00e9 Garc\u00eda-Arum\u00ed<\/a>, who explained to him the complexity of the trauma, as he was suffering not only severe intraocular haemorrhaging but also <a href=\"https:\/\/miranza.es\/en\/pathologies\/retinal-detachment\/\">retinal detachment <\/a>in both eyes. The patient required immediate surgery and, in particular, a highly precise and expert surgeon, due to the damage to the macula or central area of the retina, which is the part of the eye that provides detailed vision.<\/p>\n\n\n\n<h2 class=\"wp-block-heading\">Expert surgery for retinal detachment caused by ocular trauma<\/h2>\n\n\n\n<p>Although the prognosis was not promising, Manuel \u00c1ngel put himself in the hands of the specialist of IMO Grupo Miranza to regain part of his lost eyesight. Fortunately, the outcome surpassed his own expectations: &#8220;The following day, I could see. I couldn\u2019t believe it&#8221;, he exclaims. The joy he experienced was an important first step in his improvement, although his recovery did not end there. After undergoing further surgery, Manuel \u00c1ngel now has approximately 30% of his visual acuity. With the recovery, the degree of independence in his everyday life contrasts greatly with the blindness he suffered before seeking treatment from IMO Grupo Miranza. For example, he says that he was recently able to repair a lock. As a result of his experience, he now places even greater importance on vision care. &#8220;Eyesight isn\u2019t something to be played with; you have to fight&#8221;, he concludes. We at <a href=\"https:\/\/miranza.es\/en\/\">Miranza<\/a> share his utmost respect for eyes and specialised care, proudly providing expert solutions even in the most complex cases.<\/p>\n","protected":false},"excerpt":{"rendered":"<p>Echa un vistazo a la experiencia del doctor Garc\u00eda-Arum\u00ed con la cirug\u00eda de un paciente que ha recuperado el 30% de la visi\u00f3n despu\u00e9s de un traumatismo ocular.<\/p>\n","protected":false},"author":1,"featured_media":11968,"comment_status":"closed","ping_status":"closed","sticky":false,"template":"","format":"standard","meta":{"_acf_changed":false,"inline_featured_image":false,"footnotes":""},"categories":[4],"tags":[],"class_list":["post-119237","post","type-post","status-publish","format-standard","has-post-thumbnail","hentry","category-news"],"acf":[],"yoast_head":"<!-- This site is optimized with the Yoast SEO plugin v27.3 - https:\/\/yoast.com\/product\/yoast-seo-wordpress\/ -->\n<title>Experiencia de cirug\u00eda por traumatismo ocular | Miranza<\/title>\n<meta name=\"description\" content=\"Echa un vistazo a la experiencia del doctor Garc\u00eda-Arum\u00ed con la cirug\u00eda de un paciente que ha recuperado el 30% de la visi\u00f3n despu\u00e9s de un traumatismo ocular.\" \/>\n<meta name=\"robots\" content=\"index, follow, max-snippet:-1, max-image-preview:large, max-video-preview:-1\" \/>\n<link rel=\"canonical\" href=\"https:\/\/miranza.es\/en\/news\/recupera-cerca-de-un-30-de-vision-tras-haberla-perdido-por-un-traumatismo-ocular\/\" \/>\n<meta property=\"og:locale\" content=\"en_US\" \/>\n<meta property=\"og:type\" content=\"article\" \/>\n<meta property=\"og:title\" content=\"Experiencia de cirug\u00eda por traumatismo ocular | Miranza\" \/>\n<meta property=\"og:description\" content=\"Echa un vistazo a la experiencia del doctor Garc\u00eda-Arum\u00ed con la cirug\u00eda de un paciente que ha recuperado el 30% de la visi\u00f3n despu\u00e9s de un traumatismo ocular.\" \/>\n<meta property=\"og:url\" content=\"https:\/\/miranza.es\/en\/news\/recupera-cerca-de-un-30-de-vision-tras-haberla-perdido-por-un-traumatismo-ocular\/\" \/>\n<meta property=\"og:site_name\" content=\"Miranza\" \/>\n<meta property=\"article:publisher\" content=\"https:\/\/www.facebook.com\/GrupoMiranza\/\" \/>\n<meta property=\"article:published_time\" content=\"2021-03-22T16:27:26+00:00\" \/>\n<meta property=\"article:modified_time\" content=\"2024-02-02T12:28:02+00:00\" \/>\n<meta property=\"og:image\" content=\"https:\/\/miranza.es\/wp-content\/uploads\/2021\/03\/Testimonio-Manuel-Arumi-00_01_05_0-Still001.jpg\" \/>\n\t<meta property=\"og:image:width\" content=\"1280\" \/>\n\t<meta property=\"og:image:height\" content=\"720\" \/>\n\t<meta property=\"og:image:type\" content=\"image\/jpeg\" \/>\n<meta name=\"author\" content=\"Equipo Miranza\" \/>\n<meta name=\"twitter:card\" content=\"summary_large_image\" \/>\n<meta name=\"twitter:creator\" content=\"@GrupoMiranza\" \/>\n<meta name=\"twitter:site\" content=\"@GrupoMiranza\" \/>\n<meta name=\"twitter:label1\" content=\"Written by\" \/>\n\t<meta name=\"twitter:data1\" content=\"Equipo Miranza\" \/>\n\t<meta name=\"twitter:label2\" content=\"Est. reading time\" \/>\n\t<meta name=\"twitter:data2\" content=\"3 minutes\" \/>\n<script type=\"application\/ld+json\" class=\"yoast-schema-graph\">{\"@context\":\"https:\\\/\\\/schema.org\",\"@graph\":[{\"@type\":\"Article\",\"@id\":\"https:\\\/\\\/miranza.es\\\/en\\\/news\\\/recupera-cerca-de-un-30-de-vision-tras-haberla-perdido-por-un-traumatismo-ocular\\\/#article\",\"isPartOf\":{\"@id\":\"https:\\\/\\\/miranza.es\\\/en\\\/news\\\/recupera-cerca-de-un-30-de-vision-tras-haberla-perdido-por-un-traumatismo-ocular\\\/\"},\"author\":{\"name\":\"Equipo Miranza\",\"@id\":\"https:\\\/\\\/miranza.es\\\/en\\\/#\\\/schema\\\/person\\\/e01c042f39bcd4da7bc9b77d6e23bf76\"},\"headline\":\"Recovery of nearly 30% of vision lost due to ocular trauma\",\"datePublished\":\"2021-03-22T16:27:26+00:00\",\"dateModified\":\"2024-02-02T12:28:02+00:00\",\"mainEntityOfPage\":{\"@id\":\"https:\\\/\\\/miranza.es\\\/en\\\/news\\\/recupera-cerca-de-un-30-de-vision-tras-haberla-perdido-por-un-traumatismo-ocular\\\/\"},\"wordCount\":614,\"publisher\":{\"@id\":\"https:\\\/\\\/miranza.es\\\/en\\\/#organization\"},\"image\":{\"@id\":\"https:\\\/\\\/miranza.es\\\/en\\\/news\\\/recupera-cerca-de-un-30-de-vision-tras-haberla-perdido-por-un-traumatismo-ocular\\\/#primaryimage\"},\"thumbnailUrl\":\"https:\\\/\\\/miranza.es\\\/wp-content\\\/uploads\\\/2021\\\/03\\\/Testimonio-Manuel-Arumi-00_01_05_0-Still001.jpg\",\"articleSection\":[\"News\"],\"inLanguage\":\"en-US\"},{\"@type\":\"WebPage\",\"@id\":\"https:\\\/\\\/miranza.es\\\/en\\\/news\\\/recupera-cerca-de-un-30-de-vision-tras-haberla-perdido-por-un-traumatismo-ocular\\\/\",\"url\":\"https:\\\/\\\/miranza.es\\\/en\\\/news\\\/recupera-cerca-de-un-30-de-vision-tras-haberla-perdido-por-un-traumatismo-ocular\\\/\",\"name\":\"Experiencia de cirug\u00eda por traumatismo ocular | Miranza\",\"isPartOf\":{\"@id\":\"https:\\\/\\\/miranza.es\\\/en\\\/#website\"},\"primaryImageOfPage\":{\"@id\":\"https:\\\/\\\/miranza.es\\\/en\\\/news\\\/recupera-cerca-de-un-30-de-vision-tras-haberla-perdido-por-un-traumatismo-ocular\\\/#primaryimage\"},\"image\":{\"@id\":\"https:\\\/\\\/miranza.es\\\/en\\\/news\\\/recupera-cerca-de-un-30-de-vision-tras-haberla-perdido-por-un-traumatismo-ocular\\\/#primaryimage\"},\"thumbnailUrl\":\"https:\\\/\\\/miranza.es\\\/wp-content\\\/uploads\\\/2021\\\/03\\\/Testimonio-Manuel-Arumi-00_01_05_0-Still001.jpg\",\"datePublished\":\"2021-03-22T16:27:26+00:00\",\"dateModified\":\"2024-02-02T12:28:02+00:00\",\"description\":\"Echa un vistazo a la experiencia del doctor Garc\u00eda-Arum\u00ed con la cirug\u00eda de un paciente que ha recuperado el 30% de la visi\u00f3n despu\u00e9s de un traumatismo ocular.\",\"breadcrumb\":{\"@id\":\"https:\\\/\\\/miranza.es\\\/en\\\/news\\\/recupera-cerca-de-un-30-de-vision-tras-haberla-perdido-por-un-traumatismo-ocular\\\/#breadcrumb\"},\"inLanguage\":\"en-US\",\"potentialAction\":[{\"@type\":\"ReadAction\",\"target\":[\"https:\\\/\\\/miranza.es\\\/en\\\/news\\\/recupera-cerca-de-un-30-de-vision-tras-haberla-perdido-por-un-traumatismo-ocular\\\/\"]}]},{\"@type\":\"ImageObject\",\"inLanguage\":\"en-US\",\"@id\":\"https:\\\/\\\/miranza.es\\\/en\\\/news\\\/recupera-cerca-de-un-30-de-vision-tras-haberla-perdido-por-un-traumatismo-ocular\\\/#primaryimage\",\"url\":\"https:\\\/\\\/miranza.es\\\/wp-content\\\/uploads\\\/2021\\\/03\\\/Testimonio-Manuel-Arumi-00_01_05_0-Still001.jpg\",\"contentUrl\":\"https:\\\/\\\/miranza.es\\\/wp-content\\\/uploads\\\/2021\\\/03\\\/Testimonio-Manuel-Arumi-00_01_05_0-Still001.jpg\",\"width\":1280,\"height\":720},{\"@type\":\"BreadcrumbList\",\"@id\":\"https:\\\/\\\/miranza.es\\\/en\\\/news\\\/recupera-cerca-de-un-30-de-vision-tras-haberla-perdido-por-un-traumatismo-ocular\\\/#breadcrumb\",\"itemListElement\":[{\"@type\":\"ListItem\",\"position\":1,\"name\":\"Home\",\"item\":\"https:\\\/\\\/miranza.es\\\/en\\\/\"},{\"@type\":\"ListItem\",\"position\":2,\"name\":\"News\",\"item\":\"https:\\\/\\\/miranza.es\\\/en\\\/category\\\/news\\\/\"},{\"@type\":\"ListItem\",\"position\":3,\"name\":\"Recovery of nearly 30% of vision lost due to ocular trauma\"}]},{\"@type\":\"WebSite\",\"@id\":\"https:\\\/\\\/miranza.es\\\/en\\\/#website\",\"url\":\"https:\\\/\\\/miranza.es\\\/en\\\/\",\"name\":\"Miranza\",\"description\":\"Somos tus centros de excelencia, especialistas en bienestar ocular. Estamos a tu lado, creando nuevos horizontes para seguir viendo.\",\"publisher\":{\"@id\":\"https:\\\/\\\/miranza.es\\\/en\\\/#organization\"},\"potentialAction\":[{\"@type\":\"SearchAction\",\"target\":{\"@type\":\"EntryPoint\",\"urlTemplate\":\"https:\\\/\\\/miranza.es\\\/en\\\/?s={search_term_string}\"},\"query-input\":{\"@type\":\"PropertyValueSpecification\",\"valueRequired\":true,\"valueName\":\"search_term_string\"}}],\"inLanguage\":\"en-US\"},{\"@type\":\"Organization\",\"@id\":\"https:\\\/\\\/miranza.es\\\/en\\\/#organization\",\"name\":\"Miranza\",\"url\":\"https:\\\/\\\/miranza.es\\\/en\\\/\",\"logo\":{\"@type\":\"ImageObject\",\"inLanguage\":\"en-US\",\"@id\":\"https:\\\/\\\/miranza.es\\\/en\\\/#\\\/schema\\\/logo\\\/image\\\/\",\"url\":\"https:\\\/\\\/miranza.es\\\/wp-content\\\/uploads\\\/2024\\\/04\\\/logo-miranza.jpg\",\"contentUrl\":\"https:\\\/\\\/miranza.es\\\/wp-content\\\/uploads\\\/2024\\\/04\\\/logo-miranza.jpg\",\"width\":600,\"height\":600,\"caption\":\"Miranza\"},\"image\":{\"@id\":\"https:\\\/\\\/miranza.es\\\/en\\\/#\\\/schema\\\/logo\\\/image\\\/\"},\"sameAs\":[\"https:\\\/\\\/www.facebook.com\\\/GrupoMiranza\\\/\",\"https:\\\/\\\/x.com\\\/GrupoMiranza\",\"https:\\\/\\\/www.instagram.com\\\/grupomiranza\\\/\",\"https:\\\/\\\/www.linkedin.com\\\/company\\\/grupomiranza\",\"https:\\\/\\\/www.youtube.com\\\/channel\\\/UCX2gEI-gOFCbPHZ7QSTkLYQ\\\/featured\"]},{\"@type\":\"Person\",\"@id\":\"https:\\\/\\\/miranza.es\\\/en\\\/#\\\/schema\\\/person\\\/e01c042f39bcd4da7bc9b77d6e23bf76\",\"name\":\"Equipo Miranza\",\"image\":{\"@type\":\"ImageObject\",\"inLanguage\":\"en-US\",\"@id\":\"https:\\\/\\\/secure.gravatar.com\\\/avatar\\\/319e67a2c600de84615e0fdb3468ed425da29acb11edd895911d6403cf2975fd?s=96&d=mm&r=g\",\"url\":\"https:\\\/\\\/secure.gravatar.com\\\/avatar\\\/319e67a2c600de84615e0fdb3468ed425da29acb11edd895911d6403cf2975fd?s=96&d=mm&r=g\",\"contentUrl\":\"https:\\\/\\\/secure.gravatar.com\\\/avatar\\\/319e67a2c600de84615e0fdb3468ed425da29acb11edd895911d6403cf2975fd?s=96&d=mm&r=g\",\"caption\":\"Equipo Miranza\"}}]}<\/script>\n<!-- \/ Yoast SEO plugin. -->","yoast_head_json":{"title":"Experiencia de cirug\u00eda por traumatismo ocular | Miranza","description":"Echa un vistazo a la experiencia del doctor Garc\u00eda-Arum\u00ed con la cirug\u00eda de un paciente que ha recuperado el 30% de la visi\u00f3n despu\u00e9s de un traumatismo ocular.","robots":{"index":"index","follow":"follow","max-snippet":"max-snippet:-1","max-image-preview":"max-image-preview:large","max-video-preview":"max-video-preview:-1"},"canonical":"https:\/\/miranza.es\/en\/news\/recupera-cerca-de-un-30-de-vision-tras-haberla-perdido-por-un-traumatismo-ocular\/","og_locale":"en_US","og_type":"article","og_title":"Experiencia de cirug\u00eda por traumatismo ocular | Miranza","og_description":"Echa un vistazo a la experiencia del doctor Garc\u00eda-Arum\u00ed con la cirug\u00eda de un paciente que ha recuperado el 30% de la visi\u00f3n despu\u00e9s de un traumatismo ocular.","og_url":"https:\/\/miranza.es\/en\/news\/recupera-cerca-de-un-30-de-vision-tras-haberla-perdido-por-un-traumatismo-ocular\/","og_site_name":"Miranza","article_publisher":"https:\/\/www.facebook.com\/GrupoMiranza\/","article_published_time":"2021-03-22T16:27:26+00:00","article_modified_time":"2024-02-02T12:28:02+00:00","og_image":[{"width":1280,"height":720,"url":"https:\/\/miranza.es\/wp-content\/uploads\/2021\/03\/Testimonio-Manuel-Arumi-00_01_05_0-Still001.jpg","type":"image\/jpeg"}],"author":"Equipo Miranza","twitter_card":"summary_large_image","twitter_creator":"@GrupoMiranza","twitter_site":"@GrupoMiranza","twitter_misc":{"Written by":"Equipo Miranza","Est. reading time":"3 minutes"},"schema":{"@context":"https:\/\/schema.org","@graph":[{"@type":"Article","@id":"https:\/\/miranza.es\/en\/news\/recupera-cerca-de-un-30-de-vision-tras-haberla-perdido-por-un-traumatismo-ocular\/#article","isPartOf":{"@id":"https:\/\/miranza.es\/en\/news\/recupera-cerca-de-un-30-de-vision-tras-haberla-perdido-por-un-traumatismo-ocular\/"},"author":{"name":"Equipo Miranza","@id":"https:\/\/miranza.es\/en\/#\/schema\/person\/e01c042f39bcd4da7bc9b77d6e23bf76"},"headline":"Recovery of nearly 30% of vision lost due to ocular trauma","datePublished":"2021-03-22T16:27:26+00:00","dateModified":"2024-02-02T12:28:02+00:00","mainEntityOfPage":{"@id":"https:\/\/miranza.es\/en\/news\/recupera-cerca-de-un-30-de-vision-tras-haberla-perdido-por-un-traumatismo-ocular\/"},"wordCount":614,"publisher":{"@id":"https:\/\/miranza.es\/en\/#organization"},"image":{"@id":"https:\/\/miranza.es\/en\/news\/recupera-cerca-de-un-30-de-vision-tras-haberla-perdido-por-un-traumatismo-ocular\/#primaryimage"},"thumbnailUrl":"https:\/\/miranza.es\/wp-content\/uploads\/2021\/03\/Testimonio-Manuel-Arumi-00_01_05_0-Still001.jpg","articleSection":["News"],"inLanguage":"en-US"},{"@type":"WebPage","@id":"https:\/\/miranza.es\/en\/news\/recupera-cerca-de-un-30-de-vision-tras-haberla-perdido-por-un-traumatismo-ocular\/","url":"https:\/\/miranza.es\/en\/news\/recupera-cerca-de-un-30-de-vision-tras-haberla-perdido-por-un-traumatismo-ocular\/","name":"Experiencia de cirug\u00eda por traumatismo ocular | Miranza","isPartOf":{"@id":"https:\/\/miranza.es\/en\/#website"},"primaryImageOfPage":{"@id":"https:\/\/miranza.es\/en\/news\/recupera-cerca-de-un-30-de-vision-tras-haberla-perdido-por-un-traumatismo-ocular\/#primaryimage"},"image":{"@id":"https:\/\/miranza.es\/en\/news\/recupera-cerca-de-un-30-de-vision-tras-haberla-perdido-por-un-traumatismo-ocular\/#primaryimage"},"thumbnailUrl":"https:\/\/miranza.es\/wp-content\/uploads\/2021\/03\/Testimonio-Manuel-Arumi-00_01_05_0-Still001.jpg","datePublished":"2021-03-22T16:27:26+00:00","dateModified":"2024-02-02T12:28:02+00:00","description":"Echa un vistazo a la experiencia del doctor Garc\u00eda-Arum\u00ed con la cirug\u00eda de un paciente que ha recuperado el 30% de la visi\u00f3n despu\u00e9s de un traumatismo ocular.","breadcrumb":{"@id":"https:\/\/miranza.es\/en\/news\/recupera-cerca-de-un-30-de-vision-tras-haberla-perdido-por-un-traumatismo-ocular\/#breadcrumb"},"inLanguage":"en-US","potentialAction":[{"@type":"ReadAction","target":["https:\/\/miranza.es\/en\/news\/recupera-cerca-de-un-30-de-vision-tras-haberla-perdido-por-un-traumatismo-ocular\/"]}]},{"@type":"ImageObject","inLanguage":"en-US","@id":"https:\/\/miranza.es\/en\/news\/recupera-cerca-de-un-30-de-vision-tras-haberla-perdido-por-un-traumatismo-ocular\/#primaryimage","url":"https:\/\/miranza.es\/wp-content\/uploads\/2021\/03\/Testimonio-Manuel-Arumi-00_01_05_0-Still001.jpg","contentUrl":"https:\/\/miranza.es\/wp-content\/uploads\/2021\/03\/Testimonio-Manuel-Arumi-00_01_05_0-Still001.jpg","width":1280,"height":720},{"@type":"BreadcrumbList","@id":"https:\/\/miranza.es\/en\/news\/recupera-cerca-de-un-30-de-vision-tras-haberla-perdido-por-un-traumatismo-ocular\/#breadcrumb","itemListElement":[{"@type":"ListItem","position":1,"name":"Home","item":"https:\/\/miranza.es\/en\/"},{"@type":"ListItem","position":2,"name":"News","item":"https:\/\/miranza.es\/en\/category\/news\/"},{"@type":"ListItem","position":3,"name":"Recovery of nearly 30% of vision lost due to ocular trauma"}]},{"@type":"WebSite","@id":"https:\/\/miranza.es\/en\/#website","url":"https:\/\/miranza.es\/en\/","name":"Miranza","description":"Somos tus centros de excelencia, especialistas en bienestar ocular. Estamos a tu lado, creando nuevos horizontes para seguir viendo.","publisher":{"@id":"https:\/\/miranza.es\/en\/#organization"},"potentialAction":[{"@type":"SearchAction","target":{"@type":"EntryPoint","urlTemplate":"https:\/\/miranza.es\/en\/?s={search_term_string}"},"query-input":{"@type":"PropertyValueSpecification","valueRequired":true,"valueName":"search_term_string"}}],"inLanguage":"en-US"},{"@type":"Organization","@id":"https:\/\/miranza.es\/en\/#organization","name":"Miranza","url":"https:\/\/miranza.es\/en\/","logo":{"@type":"ImageObject","inLanguage":"en-US","@id":"https:\/\/miranza.es\/en\/#\/schema\/logo\/image\/","url":"https:\/\/miranza.es\/wp-content\/uploads\/2024\/04\/logo-miranza.jpg","contentUrl":"https:\/\/miranza.es\/wp-content\/uploads\/2024\/04\/logo-miranza.jpg","width":600,"height":600,"caption":"Miranza"},"image":{"@id":"https:\/\/miranza.es\/en\/#\/schema\/logo\/image\/"},"sameAs":["https:\/\/www.facebook.com\/GrupoMiranza\/","https:\/\/x.com\/GrupoMiranza","https:\/\/www.instagram.com\/grupomiranza\/","https:\/\/www.linkedin.com\/company\/grupomiranza","https:\/\/www.youtube.com\/channel\/UCX2gEI-gOFCbPHZ7QSTkLYQ\/featured"]},{"@type":"Person","@id":"https:\/\/miranza.es\/en\/#\/schema\/person\/e01c042f39bcd4da7bc9b77d6e23bf76","name":"Equipo Miranza","image":{"@type":"ImageObject","inLanguage":"en-US","@id":"https:\/\/secure.gravatar.com\/avatar\/319e67a2c600de84615e0fdb3468ed425da29acb11edd895911d6403cf2975fd?s=96&d=mm&r=g","url":"https:\/\/secure.gravatar.com\/avatar\/319e67a2c600de84615e0fdb3468ed425da29acb11edd895911d6403cf2975fd?s=96&d=mm&r=g","contentUrl":"https:\/\/secure.gravatar.com\/avatar\/319e67a2c600de84615e0fdb3468ed425da29acb11edd895911d6403cf2975fd?s=96&d=mm&r=g","caption":"Equipo Miranza"}}]}},"_links":{"self":[{"href":"https:\/\/miranza.es\/en\/wp-json\/wp\/v2\/posts\/119237","targetHints":{"allow":["GET"]}}],"collection":[{"href":"https:\/\/miranza.es\/en\/wp-json\/wp\/v2\/posts"}],"about":[{"href":"https:\/\/miranza.es\/en\/wp-json\/wp\/v2\/types\/post"}],"author":[{"embeddable":true,"href":"https:\/\/miranza.es\/en\/wp-json\/wp\/v2\/users\/1"}],"replies":[{"embeddable":true,"href":"https:\/\/miranza.es\/en\/wp-json\/wp\/v2\/comments?post=119237"}],"version-history":[{"count":1,"href":"https:\/\/miranza.es\/en\/wp-json\/wp\/v2\/posts\/119237\/revisions"}],"predecessor-version":[{"id":119238,"href":"https:\/\/miranza.es\/en\/wp-json\/wp\/v2\/posts\/119237\/revisions\/119238"}],"wp:featuredmedia":[{"embeddable":true,"href":"https:\/\/miranza.es\/en\/wp-json\/wp\/v2\/media\/11968"}],"wp:attachment":[{"href":"https:\/\/miranza.es\/en\/wp-json\/wp\/v2\/media?parent=119237"}],"wp:term":[{"taxonomy":"category","embeddable":true,"href":"https:\/\/miranza.es\/en\/wp-json\/wp\/v2\/categories?post=119237"},{"taxonomy":"post_tag","embeddable":true,"href":"https:\/\/miranza.es\/en\/wp-json\/wp\/v2\/tags?post=119237"}],"curies":[{"name":"wp","href":"https:\/\/api.w.org\/{rel}","templated":true}]}}