{"id":119234,"date":"2021-03-09T18:21:30","date_gmt":"2021-03-09T16:21:30","guid":{"rendered":"https:\/\/miranza.es\/uncategorized\/los-pacientes-con-patologia-ocular-cronica-los-mas-afectados-por-la-pandemia\/"},"modified":"2024-02-02T13:22:30","modified_gmt":"2024-02-02T12:22:30","slug":"los-pacientes-con-patologia-ocular-cronica-los-mas-afectados-por-la-pandemia","status":"publish","type":"post","link":"https:\/\/miranza.es\/en\/news\/los-pacientes-con-patologia-ocular-cronica-los-mas-afectados-por-la-pandemia\/","title":{"rendered":"Patients with chronic eye disorders suffer the most from pandemic"},"content":{"rendered":"\n<p>IMO Grupo Miranza Madrid Medical Director <a href=\"https:\/\/www.imo.es\/en\/medical-team\/daniel-elies\/\">Dr. Daniel Elies<\/a>,was among the experts invited to take part in a conference on the impact of COVID-19 on ophthalmology. The conference was organised by the medical journal &#8220;<a href=\"https:\/\/www.redaccionmedica.com\/secciones\/otras-profesiones\/pandemia-patologias-oculares-cronicas-2539\">Redacci\u00f3n M\u00e9dica<\/a>&#8221; in relation to the study &#8220;<a href=\"https:\/\/miranza.servidor.gal\/en\/news\/we-present-the-first-study-on-eye-health-during-a-pandemic\/\">Eye Health During the Pandemic<\/a>&#8221; prepared by Miranza via surveys of ophthalmologists and patients.<\/p>\n\n\n\n<p>One of the main conclusions reached at the conference was the emergence of a new wave of chronic eye disorders due to 75% of Spaniards having failed to have their eyes examined in the preceding months. As a result, actions were not taken in a timely manner nor were necessary measures taken to slow vision loss caused by diseases such as <a href=\"https:\/\/miranza.servidor.gal\/en\/pathologies\/glaucoma\/\">glaucoma<\/a>, <a href=\"https:\/\/miranza.servidor.gal\/en\/pathologies\/amd\/\">AMD<\/a> and <a href=\"https:\/\/miranza.servidor.gal\/en\/pathologies\/diabetic-retinopathy\/\">diabetic retinopathy<\/a>. According to Dr Elies, &#8220;If patients fail to have their eyes examined, we cannot know whether their disorders are progressing normally or if they are out of control and require different treatments.&#8221; This may lead to consequences that are often irreversible.<\/p>\n\n\n\n<h2 class=\"wp-block-heading\">Risk groups in ophthalmology during the pandemic<\/h2>\n\n\n\n<p>Spanish Patient Forum President Andoni Lorenzo also took part in the conference, stating that &#8220;ophthalmological disorders are invisible in our society because people don\u2019t talk enough about eye problems&#8221;. However, he adds that &#8220;there are nearly a million visually impaired people in Spain at this time, most of whom are senior citizens&#8221;. This demographic has also been affected by delays in procedures such as <a href=\"https:\/\/miranza.servidor.gal\/en\/treatments\/cataract-surgery\/\">cataract surgery<\/a>, and clinics are receiving &#8220;patients with very poor vision and at advanced stages, which makes it harder to provide treatment for their disorders&#8221;, explains the IMO Grupo Miranza specialist.<\/p>\n\n\n\n<p>At the other extreme are children between 1 and 10 years of age, a period during which vision undergoes development. Something as simple as failure to prescribe suitable optical correction with eyeglasses may lead to the development of <a href=\"https:\/\/miranza.servidor.gal\/en\/pathologies\/amblyopia\/\">lazy eye<\/a>, which cannot be corrected in adulthood.<\/p>\n\n\n\n<p>In addition, among youngsters and many people of working age, we are seeing more cases of eye conditions related to the increased use of technology during the pandemic. Dry-eye symptoms are one example of this. In this sense, Dr Elies mentions &#8220;eye abuse&#8221;, referring to habits of up to 14 hours of screen time per day at distances of 0.5 to 2 meters, often in suboptimal conditions of light and surroundings.<\/p>\n\n\n\n<h2 class=\"wp-block-heading\">Safe and innovative ophthalmology to deal with COVID-19<\/h2>\n\n\n\n<p>In order to maintain eye health in the best possible conditions, the experts attending the conference on ophthalmology and COVID-19 coincide in stressing the importance of not postponing ophthalmic check-ups. In this regard, Jos\u00e9 Antonio Geg\u00fandez, a senior executive of the Spanish Society of Ophthalmology (<a href=\"https:\/\/miranza.servidor.gal\/en\/pathologies\/dry-eye-syndrome\/\">SEO<\/a>) and one of the authors who revised recommendations for ophthalmic practice during the pandemic, mentions the preventive measures that clinics are taking: from face masks, washing of hands and patient-reception areas with safety barriers to distancing within waiting rooms and diagnostic testing (PCR, antigens, etc.) of patients who are scheduled for ocular surgery.<\/p>\n\n\n\n<p>Lastly, M\u00e1ximo G\u00f3mez, general manager of Johnson &amp; Johnson Surgical Vision for Spain, Italy and Portugal and another conference speaker, concludes that &#8220;the pandemic has clearly shown the value of R&amp;D and has accelerated some existing trends such as telemedicine.&#8221; In keeping with this, we at Miranza promote research and <a href=\"https:\/\/miranza.servidor.gal\/en\/teleconsultation\/\">teleconsultations<\/a> and have tightened our focus on these areas over the last year.<\/p>\n","protected":false},"excerpt":{"rendered":"<p>El Dr. Daniel Elies debate junto a expertos sobre el impacto del Covid19 en la oftalmolog\u00eda. La falta de revisiones ha desembocado en diagn\u00f3sticos tard\u00edos.<\/p>\n","protected":false},"author":1,"featured_media":11484,"comment_status":"closed","ping_status":"closed","sticky":false,"template":"","format":"standard","meta":{"_acf_changed":false,"inline_featured_image":false,"footnotes":""},"categories":[4],"tags":[],"class_list":["post-119234","post","type-post","status-publish","format-standard","has-post-thumbnail","hentry","category-news"],"acf":[],"yoast_head":"<!-- This site is optimized with the Yoast SEO plugin v27.3 - https:\/\/yoast.com\/product\/yoast-seo-wordpress\/ -->\n<title>Pacientes oftalmol\u00f3gicos afectados por la pandemia | Miranza<\/title>\n<meta name=\"description\" content=\"El Dr. Daniel Elies debate junto a expertos sobre el impacto del Covid19 en la oftalmolog\u00eda. La falta de revisiones ha desembocado en diagn\u00f3sticos tard\u00edos.\" \/>\n<meta name=\"robots\" content=\"index, follow, max-snippet:-1, max-image-preview:large, max-video-preview:-1\" \/>\n<link rel=\"canonical\" href=\"https:\/\/miranza.es\/en\/news\/los-pacientes-con-patologia-ocular-cronica-los-mas-afectados-por-la-pandemia\/\" \/>\n<meta property=\"og:locale\" content=\"en_US\" \/>\n<meta property=\"og:type\" content=\"article\" \/>\n<meta property=\"og:title\" content=\"Pacientes oftalmol\u00f3gicos afectados por la pandemia | Miranza\" \/>\n<meta property=\"og:description\" content=\"El Dr. Daniel Elies debate junto a expertos sobre el impacto del Covid19 en la oftalmolog\u00eda. La falta de revisiones ha desembocado en diagn\u00f3sticos tard\u00edos.\" \/>\n<meta property=\"og:url\" content=\"https:\/\/miranza.es\/en\/news\/los-pacientes-con-patologia-ocular-cronica-los-mas-afectados-por-la-pandemia\/\" \/>\n<meta property=\"og:site_name\" content=\"Miranza\" \/>\n<meta property=\"article:publisher\" content=\"https:\/\/www.facebook.com\/GrupoMiranza\/\" \/>\n<meta property=\"article:published_time\" content=\"2021-03-09T16:21:30+00:00\" \/>\n<meta property=\"article:modified_time\" content=\"2024-02-02T12:22:30+00:00\" \/>\n<meta property=\"og:image\" content=\"https:\/\/miranza.es\/wp-content\/uploads\/2021\/03\/dr-elies-2.jpg\" \/>\n\t<meta property=\"og:image:width\" content=\"1280\" \/>\n\t<meta property=\"og:image:height\" content=\"708\" \/>\n\t<meta property=\"og:image:type\" content=\"image\/jpeg\" \/>\n<meta name=\"author\" content=\"Equipo Miranza\" \/>\n<meta name=\"twitter:card\" content=\"summary_large_image\" \/>\n<meta name=\"twitter:creator\" content=\"@GrupoMiranza\" \/>\n<meta name=\"twitter:site\" content=\"@GrupoMiranza\" \/>\n<meta name=\"twitter:label1\" content=\"Written by\" \/>\n\t<meta name=\"twitter:data1\" content=\"Equipo Miranza\" \/>\n\t<meta name=\"twitter:label2\" content=\"Est. reading time\" \/>\n\t<meta name=\"twitter:data2\" content=\"3 minutes\" \/>\n<script type=\"application\/ld+json\" class=\"yoast-schema-graph\">{\"@context\":\"https:\\\/\\\/schema.org\",\"@graph\":[{\"@type\":\"Article\",\"@id\":\"https:\\\/\\\/miranza.es\\\/en\\\/news\\\/los-pacientes-con-patologia-ocular-cronica-los-mas-afectados-por-la-pandemia\\\/#article\",\"isPartOf\":{\"@id\":\"https:\\\/\\\/miranza.es\\\/en\\\/news\\\/los-pacientes-con-patologia-ocular-cronica-los-mas-afectados-por-la-pandemia\\\/\"},\"author\":{\"name\":\"Equipo Miranza\",\"@id\":\"https:\\\/\\\/miranza.es\\\/en\\\/#\\\/schema\\\/person\\\/e01c042f39bcd4da7bc9b77d6e23bf76\"},\"headline\":\"Patients with chronic eye disorders suffer the most from pandemic\",\"datePublished\":\"2021-03-09T16:21:30+00:00\",\"dateModified\":\"2024-02-02T12:22:30+00:00\",\"mainEntityOfPage\":{\"@id\":\"https:\\\/\\\/miranza.es\\\/en\\\/news\\\/los-pacientes-con-patologia-ocular-cronica-los-mas-afectados-por-la-pandemia\\\/\"},\"wordCount\":564,\"publisher\":{\"@id\":\"https:\\\/\\\/miranza.es\\\/en\\\/#organization\"},\"image\":{\"@id\":\"https:\\\/\\\/miranza.es\\\/en\\\/news\\\/los-pacientes-con-patologia-ocular-cronica-los-mas-afectados-por-la-pandemia\\\/#primaryimage\"},\"thumbnailUrl\":\"https:\\\/\\\/miranza.es\\\/wp-content\\\/uploads\\\/2021\\\/03\\\/dr-elies-2.jpg\",\"articleSection\":[\"News\"],\"inLanguage\":\"en-US\"},{\"@type\":\"WebPage\",\"@id\":\"https:\\\/\\\/miranza.es\\\/en\\\/news\\\/los-pacientes-con-patologia-ocular-cronica-los-mas-afectados-por-la-pandemia\\\/\",\"url\":\"https:\\\/\\\/miranza.es\\\/en\\\/news\\\/los-pacientes-con-patologia-ocular-cronica-los-mas-afectados-por-la-pandemia\\\/\",\"name\":\"Pacientes oftalmol\u00f3gicos afectados por la pandemia | Miranza\",\"isPartOf\":{\"@id\":\"https:\\\/\\\/miranza.es\\\/en\\\/#website\"},\"primaryImageOfPage\":{\"@id\":\"https:\\\/\\\/miranza.es\\\/en\\\/news\\\/los-pacientes-con-patologia-ocular-cronica-los-mas-afectados-por-la-pandemia\\\/#primaryimage\"},\"image\":{\"@id\":\"https:\\\/\\\/miranza.es\\\/en\\\/news\\\/los-pacientes-con-patologia-ocular-cronica-los-mas-afectados-por-la-pandemia\\\/#primaryimage\"},\"thumbnailUrl\":\"https:\\\/\\\/miranza.es\\\/wp-content\\\/uploads\\\/2021\\\/03\\\/dr-elies-2.jpg\",\"datePublished\":\"2021-03-09T16:21:30+00:00\",\"dateModified\":\"2024-02-02T12:22:30+00:00\",\"description\":\"El Dr. Daniel Elies debate junto a expertos sobre el impacto del Covid19 en la oftalmolog\u00eda. La falta de revisiones ha desembocado en diagn\u00f3sticos tard\u00edos.\",\"breadcrumb\":{\"@id\":\"https:\\\/\\\/miranza.es\\\/en\\\/news\\\/los-pacientes-con-patologia-ocular-cronica-los-mas-afectados-por-la-pandemia\\\/#breadcrumb\"},\"inLanguage\":\"en-US\",\"potentialAction\":[{\"@type\":\"ReadAction\",\"target\":[\"https:\\\/\\\/miranza.es\\\/en\\\/news\\\/los-pacientes-con-patologia-ocular-cronica-los-mas-afectados-por-la-pandemia\\\/\"]}]},{\"@type\":\"ImageObject\",\"inLanguage\":\"en-US\",\"@id\":\"https:\\\/\\\/miranza.es\\\/en\\\/news\\\/los-pacientes-con-patologia-ocular-cronica-los-mas-afectados-por-la-pandemia\\\/#primaryimage\",\"url\":\"https:\\\/\\\/miranza.es\\\/wp-content\\\/uploads\\\/2021\\\/03\\\/dr-elies-2.jpg\",\"contentUrl\":\"https:\\\/\\\/miranza.es\\\/wp-content\\\/uploads\\\/2021\\\/03\\\/dr-elies-2.jpg\",\"width\":1280,\"height\":708,\"caption\":\"Doctor Elies\"},{\"@type\":\"BreadcrumbList\",\"@id\":\"https:\\\/\\\/miranza.es\\\/en\\\/news\\\/los-pacientes-con-patologia-ocular-cronica-los-mas-afectados-por-la-pandemia\\\/#breadcrumb\",\"itemListElement\":[{\"@type\":\"ListItem\",\"position\":1,\"name\":\"Home\",\"item\":\"https:\\\/\\\/miranza.es\\\/en\\\/\"},{\"@type\":\"ListItem\",\"position\":2,\"name\":\"News\",\"item\":\"https:\\\/\\\/miranza.es\\\/en\\\/category\\\/news\\\/\"},{\"@type\":\"ListItem\",\"position\":3,\"name\":\"Patients with chronic eye disorders suffer the most from pandemic\"}]},{\"@type\":\"WebSite\",\"@id\":\"https:\\\/\\\/miranza.es\\\/en\\\/#website\",\"url\":\"https:\\\/\\\/miranza.es\\\/en\\\/\",\"name\":\"Miranza\",\"description\":\"Somos tus centros de excelencia, especialistas en bienestar ocular. Estamos a tu lado, creando nuevos horizontes para seguir viendo.\",\"publisher\":{\"@id\":\"https:\\\/\\\/miranza.es\\\/en\\\/#organization\"},\"potentialAction\":[{\"@type\":\"SearchAction\",\"target\":{\"@type\":\"EntryPoint\",\"urlTemplate\":\"https:\\\/\\\/miranza.es\\\/en\\\/?s={search_term_string}\"},\"query-input\":{\"@type\":\"PropertyValueSpecification\",\"valueRequired\":true,\"valueName\":\"search_term_string\"}}],\"inLanguage\":\"en-US\"},{\"@type\":\"Organization\",\"@id\":\"https:\\\/\\\/miranza.es\\\/en\\\/#organization\",\"name\":\"Miranza\",\"url\":\"https:\\\/\\\/miranza.es\\\/en\\\/\",\"logo\":{\"@type\":\"ImageObject\",\"inLanguage\":\"en-US\",\"@id\":\"https:\\\/\\\/miranza.es\\\/en\\\/#\\\/schema\\\/logo\\\/image\\\/\",\"url\":\"https:\\\/\\\/miranza.es\\\/wp-content\\\/uploads\\\/2024\\\/04\\\/logo-miranza.jpg\",\"contentUrl\":\"https:\\\/\\\/miranza.es\\\/wp-content\\\/uploads\\\/2024\\\/04\\\/logo-miranza.jpg\",\"width\":600,\"height\":600,\"caption\":\"Miranza\"},\"image\":{\"@id\":\"https:\\\/\\\/miranza.es\\\/en\\\/#\\\/schema\\\/logo\\\/image\\\/\"},\"sameAs\":[\"https:\\\/\\\/www.facebook.com\\\/GrupoMiranza\\\/\",\"https:\\\/\\\/x.com\\\/GrupoMiranza\",\"https:\\\/\\\/www.instagram.com\\\/grupomiranza\\\/\",\"https:\\\/\\\/www.linkedin.com\\\/company\\\/grupomiranza\",\"https:\\\/\\\/www.youtube.com\\\/channel\\\/UCX2gEI-gOFCbPHZ7QSTkLYQ\\\/featured\"]},{\"@type\":\"Person\",\"@id\":\"https:\\\/\\\/miranza.es\\\/en\\\/#\\\/schema\\\/person\\\/e01c042f39bcd4da7bc9b77d6e23bf76\",\"name\":\"Equipo Miranza\",\"image\":{\"@type\":\"ImageObject\",\"inLanguage\":\"en-US\",\"@id\":\"https:\\\/\\\/secure.gravatar.com\\\/avatar\\\/319e67a2c600de84615e0fdb3468ed425da29acb11edd895911d6403cf2975fd?s=96&d=mm&r=g\",\"url\":\"https:\\\/\\\/secure.gravatar.com\\\/avatar\\\/319e67a2c600de84615e0fdb3468ed425da29acb11edd895911d6403cf2975fd?s=96&d=mm&r=g\",\"contentUrl\":\"https:\\\/\\\/secure.gravatar.com\\\/avatar\\\/319e67a2c600de84615e0fdb3468ed425da29acb11edd895911d6403cf2975fd?s=96&d=mm&r=g\",\"caption\":\"Equipo Miranza\"}}]}<\/script>\n<!-- \/ Yoast SEO plugin. -->","yoast_head_json":{"title":"Pacientes oftalmol\u00f3gicos afectados por la pandemia | Miranza","description":"El Dr. Daniel Elies debate junto a expertos sobre el impacto del Covid19 en la oftalmolog\u00eda. La falta de revisiones ha desembocado en diagn\u00f3sticos tard\u00edos.","robots":{"index":"index","follow":"follow","max-snippet":"max-snippet:-1","max-image-preview":"max-image-preview:large","max-video-preview":"max-video-preview:-1"},"canonical":"https:\/\/miranza.es\/en\/news\/los-pacientes-con-patologia-ocular-cronica-los-mas-afectados-por-la-pandemia\/","og_locale":"en_US","og_type":"article","og_title":"Pacientes oftalmol\u00f3gicos afectados por la pandemia | Miranza","og_description":"El Dr. Daniel Elies debate junto a expertos sobre el impacto del Covid19 en la oftalmolog\u00eda. La falta de revisiones ha desembocado en diagn\u00f3sticos tard\u00edos.","og_url":"https:\/\/miranza.es\/en\/news\/los-pacientes-con-patologia-ocular-cronica-los-mas-afectados-por-la-pandemia\/","og_site_name":"Miranza","article_publisher":"https:\/\/www.facebook.com\/GrupoMiranza\/","article_published_time":"2021-03-09T16:21:30+00:00","article_modified_time":"2024-02-02T12:22:30+00:00","og_image":[{"width":1280,"height":708,"url":"https:\/\/miranza.es\/wp-content\/uploads\/2021\/03\/dr-elies-2.jpg","type":"image\/jpeg"}],"author":"Equipo Miranza","twitter_card":"summary_large_image","twitter_creator":"@GrupoMiranza","twitter_site":"@GrupoMiranza","twitter_misc":{"Written by":"Equipo Miranza","Est. reading time":"3 minutes"},"schema":{"@context":"https:\/\/schema.org","@graph":[{"@type":"Article","@id":"https:\/\/miranza.es\/en\/news\/los-pacientes-con-patologia-ocular-cronica-los-mas-afectados-por-la-pandemia\/#article","isPartOf":{"@id":"https:\/\/miranza.es\/en\/news\/los-pacientes-con-patologia-ocular-cronica-los-mas-afectados-por-la-pandemia\/"},"author":{"name":"Equipo Miranza","@id":"https:\/\/miranza.es\/en\/#\/schema\/person\/e01c042f39bcd4da7bc9b77d6e23bf76"},"headline":"Patients with chronic eye disorders suffer the most from pandemic","datePublished":"2021-03-09T16:21:30+00:00","dateModified":"2024-02-02T12:22:30+00:00","mainEntityOfPage":{"@id":"https:\/\/miranza.es\/en\/news\/los-pacientes-con-patologia-ocular-cronica-los-mas-afectados-por-la-pandemia\/"},"wordCount":564,"publisher":{"@id":"https:\/\/miranza.es\/en\/#organization"},"image":{"@id":"https:\/\/miranza.es\/en\/news\/los-pacientes-con-patologia-ocular-cronica-los-mas-afectados-por-la-pandemia\/#primaryimage"},"thumbnailUrl":"https:\/\/miranza.es\/wp-content\/uploads\/2021\/03\/dr-elies-2.jpg","articleSection":["News"],"inLanguage":"en-US"},{"@type":"WebPage","@id":"https:\/\/miranza.es\/en\/news\/los-pacientes-con-patologia-ocular-cronica-los-mas-afectados-por-la-pandemia\/","url":"https:\/\/miranza.es\/en\/news\/los-pacientes-con-patologia-ocular-cronica-los-mas-afectados-por-la-pandemia\/","name":"Pacientes oftalmol\u00f3gicos afectados por la pandemia | Miranza","isPartOf":{"@id":"https:\/\/miranza.es\/en\/#website"},"primaryImageOfPage":{"@id":"https:\/\/miranza.es\/en\/news\/los-pacientes-con-patologia-ocular-cronica-los-mas-afectados-por-la-pandemia\/#primaryimage"},"image":{"@id":"https:\/\/miranza.es\/en\/news\/los-pacientes-con-patologia-ocular-cronica-los-mas-afectados-por-la-pandemia\/#primaryimage"},"thumbnailUrl":"https:\/\/miranza.es\/wp-content\/uploads\/2021\/03\/dr-elies-2.jpg","datePublished":"2021-03-09T16:21:30+00:00","dateModified":"2024-02-02T12:22:30+00:00","description":"El Dr. Daniel Elies debate junto a expertos sobre el impacto del Covid19 en la oftalmolog\u00eda. La falta de revisiones ha desembocado en diagn\u00f3sticos tard\u00edos.","breadcrumb":{"@id":"https:\/\/miranza.es\/en\/news\/los-pacientes-con-patologia-ocular-cronica-los-mas-afectados-por-la-pandemia\/#breadcrumb"},"inLanguage":"en-US","potentialAction":[{"@type":"ReadAction","target":["https:\/\/miranza.es\/en\/news\/los-pacientes-con-patologia-ocular-cronica-los-mas-afectados-por-la-pandemia\/"]}]},{"@type":"ImageObject","inLanguage":"en-US","@id":"https:\/\/miranza.es\/en\/news\/los-pacientes-con-patologia-ocular-cronica-los-mas-afectados-por-la-pandemia\/#primaryimage","url":"https:\/\/miranza.es\/wp-content\/uploads\/2021\/03\/dr-elies-2.jpg","contentUrl":"https:\/\/miranza.es\/wp-content\/uploads\/2021\/03\/dr-elies-2.jpg","width":1280,"height":708,"caption":"Doctor Elies"},{"@type":"BreadcrumbList","@id":"https:\/\/miranza.es\/en\/news\/los-pacientes-con-patologia-ocular-cronica-los-mas-afectados-por-la-pandemia\/#breadcrumb","itemListElement":[{"@type":"ListItem","position":1,"name":"Home","item":"https:\/\/miranza.es\/en\/"},{"@type":"ListItem","position":2,"name":"News","item":"https:\/\/miranza.es\/en\/category\/news\/"},{"@type":"ListItem","position":3,"name":"Patients with chronic eye disorders suffer the most from pandemic"}]},{"@type":"WebSite","@id":"https:\/\/miranza.es\/en\/#website","url":"https:\/\/miranza.es\/en\/","name":"Miranza","description":"Somos tus centros de excelencia, especialistas en bienestar ocular. Estamos a tu lado, creando nuevos horizontes para seguir viendo.","publisher":{"@id":"https:\/\/miranza.es\/en\/#organization"},"potentialAction":[{"@type":"SearchAction","target":{"@type":"EntryPoint","urlTemplate":"https:\/\/miranza.es\/en\/?s={search_term_string}"},"query-input":{"@type":"PropertyValueSpecification","valueRequired":true,"valueName":"search_term_string"}}],"inLanguage":"en-US"},{"@type":"Organization","@id":"https:\/\/miranza.es\/en\/#organization","name":"Miranza","url":"https:\/\/miranza.es\/en\/","logo":{"@type":"ImageObject","inLanguage":"en-US","@id":"https:\/\/miranza.es\/en\/#\/schema\/logo\/image\/","url":"https:\/\/miranza.es\/wp-content\/uploads\/2024\/04\/logo-miranza.jpg","contentUrl":"https:\/\/miranza.es\/wp-content\/uploads\/2024\/04\/logo-miranza.jpg","width":600,"height":600,"caption":"Miranza"},"image":{"@id":"https:\/\/miranza.es\/en\/#\/schema\/logo\/image\/"},"sameAs":["https:\/\/www.facebook.com\/GrupoMiranza\/","https:\/\/x.com\/GrupoMiranza","https:\/\/www.instagram.com\/grupomiranza\/","https:\/\/www.linkedin.com\/company\/grupomiranza","https:\/\/www.youtube.com\/channel\/UCX2gEI-gOFCbPHZ7QSTkLYQ\/featured"]},{"@type":"Person","@id":"https:\/\/miranza.es\/en\/#\/schema\/person\/e01c042f39bcd4da7bc9b77d6e23bf76","name":"Equipo Miranza","image":{"@type":"ImageObject","inLanguage":"en-US","@id":"https:\/\/secure.gravatar.com\/avatar\/319e67a2c600de84615e0fdb3468ed425da29acb11edd895911d6403cf2975fd?s=96&d=mm&r=g","url":"https:\/\/secure.gravatar.com\/avatar\/319e67a2c600de84615e0fdb3468ed425da29acb11edd895911d6403cf2975fd?s=96&d=mm&r=g","contentUrl":"https:\/\/secure.gravatar.com\/avatar\/319e67a2c600de84615e0fdb3468ed425da29acb11edd895911d6403cf2975fd?s=96&d=mm&r=g","caption":"Equipo Miranza"}}]}},"_links":{"self":[{"href":"https:\/\/miranza.es\/en\/wp-json\/wp\/v2\/posts\/119234","targetHints":{"allow":["GET"]}}],"collection":[{"href":"https:\/\/miranza.es\/en\/wp-json\/wp\/v2\/posts"}],"about":[{"href":"https:\/\/miranza.es\/en\/wp-json\/wp\/v2\/types\/post"}],"author":[{"embeddable":true,"href":"https:\/\/miranza.es\/en\/wp-json\/wp\/v2\/users\/1"}],"replies":[{"embeddable":true,"href":"https:\/\/miranza.es\/en\/wp-json\/wp\/v2\/comments?post=119234"}],"version-history":[{"count":1,"href":"https:\/\/miranza.es\/en\/wp-json\/wp\/v2\/posts\/119234\/revisions"}],"predecessor-version":[{"id":119235,"href":"https:\/\/miranza.es\/en\/wp-json\/wp\/v2\/posts\/119234\/revisions\/119235"}],"wp:featuredmedia":[{"embeddable":true,"href":"https:\/\/miranza.es\/en\/wp-json\/wp\/v2\/media\/11484"}],"wp:attachment":[{"href":"https:\/\/miranza.es\/en\/wp-json\/wp\/v2\/media?parent=119234"}],"wp:term":[{"taxonomy":"category","embeddable":true,"href":"https:\/\/miranza.es\/en\/wp-json\/wp\/v2\/categories?post=119234"},{"taxonomy":"post_tag","embeddable":true,"href":"https:\/\/miranza.es\/en\/wp-json\/wp\/v2\/tags?post=119234"}],"curies":[{"name":"wp","href":"https:\/\/api.w.org\/{rel}","templated":true}]}}