{"id":119228,"date":"2021-02-23T10:57:09","date_gmt":"2021-02-23T08:57:09","guid":{"rendered":"https:\/\/miranza.es\/uncategorized\/crecemos-con-la-incorporacion-de-la-tercera-clinica-miranza-en-el-pais-vasco\/"},"modified":"2024-02-02T13:14:42","modified_gmt":"2024-02-02T12:14:42","slug":"crecemos-con-la-incorporacion-de-la-tercera-clinica-miranza-en-el-pais-vasco","status":"publish","type":"post","link":"https:\/\/miranza.es\/en\/news\/crecemos-con-la-incorporacion-de-la-tercera-clinica-miranza-en-el-pais-vasco\/","title":{"rendered":"Our expansion continues with the addition of a third Miranza clinic in the Basque Country"},"content":{"rendered":"\n<p>The expansion we initiated in 2021 continues with the February addition to the group of a new clinic in Bilbao: the Centro Oftalmol\u00f3gico Integral (COI). This is the third Miranza clinic in the Basque Country, along with the offices of <a href=\"https:\/\/miranza.servidor.gal\/en\/our-eye-clinics\/miranza-begitek\/\">Miranza Begitek<\/a> in Donostia-San Sebasti\u00e1n and <a href=\"https:\/\/miranza.servidor.gal\/en\/our-eye-clinics\/miranza-okular\/\">Miranza \u00d3kular<\/a> in Vitoria-Gasteiz.<\/p>\n\n\n\n<p>With this addition of the prestigious COI centre (renamed Miranza COI), we seek to offer eye care based on excellence to a greater number of patients in the Basque Country. This autonomous community now has the greatest number of <a href=\"https:\/\/miranza.servidor.gal\/en\/our-eye-clinics\/miranza-okular\/\">Miranza clinics<\/a>, along with Madrid, where three of the group\u2019s centres are located.<\/p>\n\n\n\n<p>General Manager Ram\u00f3n Berra says, &#8220;We began the year with the incorporation of another clinic that will allow us to make further progress towards a project that is growing in size and scope with the involvement, prestige and talent of our medical staff\u2014comprised of 80% of Spain\u2019s top ophthalmic professionals\u2014and of all the professionals who are part of this project and who are also part of the new Miranza clinic in Bilbao&#8221;.<\/p>\n\n\n\n<p>The sustained growth of our ophthalmic network reflects Miranza\u2019s strength as a leading group dedicated to eye health and well-being, with 16 clinics and 12 consultation centres, all acclaimed in their respective locations.<\/p>\n\n\n\n<h2 class=\"wp-block-heading\">COI: new Miranza clinic in the Basque Country<\/h2>\n\n\n\n<p>Miranza COI has been in operation for nearly 30 years and was founded by the centre\u2019s medical director Dr Jos\u00e9 Antonio L\u00f3pez Garrido and Dr Javier Orbegozo. The staff are comprised of a team of 10 ophthalmologists and 20 professionals, including optometrists, nurses, auxiliary nurses and administrative personnel. COI provides coverage of different ophthalmological subspecialties. The clinic stands out for its installations, the prestige of its doctors who treat different eye disorders, its focus on ongoing training and the personalised attention received by its patients. These values are the bedrock <a href=\"https:\/\/miranza.servidor.gal\/en\/our-eye-clinics\/miranza-okular\/\">of Miranza<\/a>\u2019s approach to eye care.<\/p>\n","protected":false},"excerpt":{"rendered":"<p>Descubre la nueva incorporaci\u00f3n de Miranza: el Centro Oftalmol\u00f3gico Integral, ahora Miranza COI. Se trata de nuestra tercera cl\u00ednica en el Pa\u00eds Vasco.<\/p>\n","protected":false},"author":1,"featured_media":10958,"comment_status":"closed","ping_status":"closed","sticky":false,"template":"","format":"standard","meta":{"_acf_changed":false,"inline_featured_image":false,"footnotes":""},"categories":[4],"tags":[],"class_list":["post-119228","post","type-post","status-publish","format-standard","has-post-thumbnail","hentry","category-news"],"acf":[],"yoast_head":"<!-- This site is optimized with the Yoast SEO plugin v27.3 - https:\/\/yoast.com\/product\/yoast-seo-wordpress\/ -->\n<title>Incorporamos al grupo al Centro Oftalmol\u00f3gico Integral | Miranza<\/title>\n<meta name=\"description\" content=\"Descubre la nueva incorporaci\u00f3n de Miranza: el Centro Oftalmol\u00f3gico Integral, ahora Miranza COI. Se trata de nuestra tercera cl\u00ednica en el Pa\u00eds Vasco.\" \/>\n<meta name=\"robots\" content=\"index, follow, max-snippet:-1, max-image-preview:large, max-video-preview:-1\" \/>\n<link rel=\"canonical\" href=\"https:\/\/miranza.es\/en\/news\/crecemos-con-la-incorporacion-de-la-tercera-clinica-miranza-en-el-pais-vasco\/\" \/>\n<meta property=\"og:locale\" content=\"en_US\" \/>\n<meta property=\"og:type\" content=\"article\" \/>\n<meta property=\"og:title\" content=\"Incorporamos al grupo al Centro Oftalmol\u00f3gico Integral | Miranza\" \/>\n<meta property=\"og:description\" content=\"Descubre la nueva incorporaci\u00f3n de Miranza: el Centro Oftalmol\u00f3gico Integral, ahora Miranza COI. Se trata de nuestra tercera cl\u00ednica en el Pa\u00eds Vasco.\" \/>\n<meta property=\"og:url\" content=\"https:\/\/miranza.es\/en\/news\/crecemos-con-la-incorporacion-de-la-tercera-clinica-miranza-en-el-pais-vasco\/\" \/>\n<meta property=\"og:site_name\" content=\"Miranza\" \/>\n<meta property=\"article:publisher\" content=\"https:\/\/www.facebook.com\/GrupoMiranza\/\" \/>\n<meta property=\"article:published_time\" content=\"2021-02-23T08:57:09+00:00\" \/>\n<meta property=\"article:modified_time\" content=\"2024-02-02T12:14:42+00:00\" \/>\n<meta property=\"og:image\" content=\"https:\/\/miranza.es\/wp-content\/uploads\/2021\/02\/ramon-berra-con-fundadores-coi.jpg\" \/>\n\t<meta property=\"og:image:width\" content=\"1280\" \/>\n\t<meta property=\"og:image:height\" content=\"777\" \/>\n\t<meta property=\"og:image:type\" content=\"image\/jpeg\" \/>\n<meta name=\"author\" content=\"Equipo Miranza\" \/>\n<meta name=\"twitter:card\" content=\"summary_large_image\" \/>\n<meta name=\"twitter:creator\" content=\"@GrupoMiranza\" \/>\n<meta name=\"twitter:site\" content=\"@GrupoMiranza\" \/>\n<meta name=\"twitter:label1\" content=\"Written by\" \/>\n\t<meta name=\"twitter:data1\" content=\"Equipo Miranza\" \/>\n\t<meta name=\"twitter:label2\" content=\"Est. reading time\" \/>\n\t<meta name=\"twitter:data2\" content=\"2 minutes\" \/>\n<script type=\"application\/ld+json\" class=\"yoast-schema-graph\">{\"@context\":\"https:\\\/\\\/schema.org\",\"@graph\":[{\"@type\":\"Article\",\"@id\":\"https:\\\/\\\/miranza.es\\\/en\\\/news\\\/crecemos-con-la-incorporacion-de-la-tercera-clinica-miranza-en-el-pais-vasco\\\/#article\",\"isPartOf\":{\"@id\":\"https:\\\/\\\/miranza.es\\\/en\\\/news\\\/crecemos-con-la-incorporacion-de-la-tercera-clinica-miranza-en-el-pais-vasco\\\/\"},\"author\":{\"name\":\"Equipo Miranza\",\"@id\":\"https:\\\/\\\/miranza.es\\\/en\\\/#\\\/schema\\\/person\\\/e01c042f39bcd4da7bc9b77d6e23bf76\"},\"headline\":\"Our expansion continues with the addition of a third Miranza clinic in the Basque Country\",\"datePublished\":\"2021-02-23T08:57:09+00:00\",\"dateModified\":\"2024-02-02T12:14:42+00:00\",\"mainEntityOfPage\":{\"@id\":\"https:\\\/\\\/miranza.es\\\/en\\\/news\\\/crecemos-con-la-incorporacion-de-la-tercera-clinica-miranza-en-el-pais-vasco\\\/\"},\"wordCount\":330,\"publisher\":{\"@id\":\"https:\\\/\\\/miranza.es\\\/en\\\/#organization\"},\"image\":{\"@id\":\"https:\\\/\\\/miranza.es\\\/en\\\/news\\\/crecemos-con-la-incorporacion-de-la-tercera-clinica-miranza-en-el-pais-vasco\\\/#primaryimage\"},\"thumbnailUrl\":\"https:\\\/\\\/miranza.es\\\/wp-content\\\/uploads\\\/2021\\\/02\\\/ramon-berra-con-fundadores-coi.jpg\",\"articleSection\":[\"News\"],\"inLanguage\":\"en-US\"},{\"@type\":\"WebPage\",\"@id\":\"https:\\\/\\\/miranza.es\\\/en\\\/news\\\/crecemos-con-la-incorporacion-de-la-tercera-clinica-miranza-en-el-pais-vasco\\\/\",\"url\":\"https:\\\/\\\/miranza.es\\\/en\\\/news\\\/crecemos-con-la-incorporacion-de-la-tercera-clinica-miranza-en-el-pais-vasco\\\/\",\"name\":\"Incorporamos al grupo al Centro Oftalmol\u00f3gico Integral | Miranza\",\"isPartOf\":{\"@id\":\"https:\\\/\\\/miranza.es\\\/en\\\/#website\"},\"primaryImageOfPage\":{\"@id\":\"https:\\\/\\\/miranza.es\\\/en\\\/news\\\/crecemos-con-la-incorporacion-de-la-tercera-clinica-miranza-en-el-pais-vasco\\\/#primaryimage\"},\"image\":{\"@id\":\"https:\\\/\\\/miranza.es\\\/en\\\/news\\\/crecemos-con-la-incorporacion-de-la-tercera-clinica-miranza-en-el-pais-vasco\\\/#primaryimage\"},\"thumbnailUrl\":\"https:\\\/\\\/miranza.es\\\/wp-content\\\/uploads\\\/2021\\\/02\\\/ramon-berra-con-fundadores-coi.jpg\",\"datePublished\":\"2021-02-23T08:57:09+00:00\",\"dateModified\":\"2024-02-02T12:14:42+00:00\",\"description\":\"Descubre la nueva incorporaci\u00f3n de Miranza: el Centro Oftalmol\u00f3gico Integral, ahora Miranza COI. Se trata de nuestra tercera cl\u00ednica en el Pa\u00eds Vasco.\",\"breadcrumb\":{\"@id\":\"https:\\\/\\\/miranza.es\\\/en\\\/news\\\/crecemos-con-la-incorporacion-de-la-tercera-clinica-miranza-en-el-pais-vasco\\\/#breadcrumb\"},\"inLanguage\":\"en-US\",\"potentialAction\":[{\"@type\":\"ReadAction\",\"target\":[\"https:\\\/\\\/miranza.es\\\/en\\\/news\\\/crecemos-con-la-incorporacion-de-la-tercera-clinica-miranza-en-el-pais-vasco\\\/\"]}]},{\"@type\":\"ImageObject\",\"inLanguage\":\"en-US\",\"@id\":\"https:\\\/\\\/miranza.es\\\/en\\\/news\\\/crecemos-con-la-incorporacion-de-la-tercera-clinica-miranza-en-el-pais-vasco\\\/#primaryimage\",\"url\":\"https:\\\/\\\/miranza.es\\\/wp-content\\\/uploads\\\/2021\\\/02\\\/ramon-berra-con-fundadores-coi.jpg\",\"contentUrl\":\"https:\\\/\\\/miranza.es\\\/wp-content\\\/uploads\\\/2021\\\/02\\\/ramon-berra-con-fundadores-coi.jpg\",\"width\":1280,\"height\":777,\"caption\":\"Ram\u00f3n Berra con fundadores COI\"},{\"@type\":\"BreadcrumbList\",\"@id\":\"https:\\\/\\\/miranza.es\\\/en\\\/news\\\/crecemos-con-la-incorporacion-de-la-tercera-clinica-miranza-en-el-pais-vasco\\\/#breadcrumb\",\"itemListElement\":[{\"@type\":\"ListItem\",\"position\":1,\"name\":\"Home\",\"item\":\"https:\\\/\\\/miranza.es\\\/en\\\/\"},{\"@type\":\"ListItem\",\"position\":2,\"name\":\"News\",\"item\":\"https:\\\/\\\/miranza.es\\\/en\\\/category\\\/news\\\/\"},{\"@type\":\"ListItem\",\"position\":3,\"name\":\"Our expansion continues with the addition of a third Miranza clinic in the Basque Country\"}]},{\"@type\":\"WebSite\",\"@id\":\"https:\\\/\\\/miranza.es\\\/en\\\/#website\",\"url\":\"https:\\\/\\\/miranza.es\\\/en\\\/\",\"name\":\"Miranza\",\"description\":\"Somos tus centros de excelencia, especialistas en bienestar ocular. Estamos a tu lado, creando nuevos horizontes para seguir viendo.\",\"publisher\":{\"@id\":\"https:\\\/\\\/miranza.es\\\/en\\\/#organization\"},\"potentialAction\":[{\"@type\":\"SearchAction\",\"target\":{\"@type\":\"EntryPoint\",\"urlTemplate\":\"https:\\\/\\\/miranza.es\\\/en\\\/?s={search_term_string}\"},\"query-input\":{\"@type\":\"PropertyValueSpecification\",\"valueRequired\":true,\"valueName\":\"search_term_string\"}}],\"inLanguage\":\"en-US\"},{\"@type\":\"Organization\",\"@id\":\"https:\\\/\\\/miranza.es\\\/en\\\/#organization\",\"name\":\"Miranza\",\"url\":\"https:\\\/\\\/miranza.es\\\/en\\\/\",\"logo\":{\"@type\":\"ImageObject\",\"inLanguage\":\"en-US\",\"@id\":\"https:\\\/\\\/miranza.es\\\/en\\\/#\\\/schema\\\/logo\\\/image\\\/\",\"url\":\"https:\\\/\\\/miranza.es\\\/wp-content\\\/uploads\\\/2024\\\/04\\\/logo-miranza.jpg\",\"contentUrl\":\"https:\\\/\\\/miranza.es\\\/wp-content\\\/uploads\\\/2024\\\/04\\\/logo-miranza.jpg\",\"width\":600,\"height\":600,\"caption\":\"Miranza\"},\"image\":{\"@id\":\"https:\\\/\\\/miranza.es\\\/en\\\/#\\\/schema\\\/logo\\\/image\\\/\"},\"sameAs\":[\"https:\\\/\\\/www.facebook.com\\\/GrupoMiranza\\\/\",\"https:\\\/\\\/x.com\\\/GrupoMiranza\",\"https:\\\/\\\/www.instagram.com\\\/grupomiranza\\\/\",\"https:\\\/\\\/www.linkedin.com\\\/company\\\/grupomiranza\",\"https:\\\/\\\/www.youtube.com\\\/channel\\\/UCX2gEI-gOFCbPHZ7QSTkLYQ\\\/featured\"]},{\"@type\":\"Person\",\"@id\":\"https:\\\/\\\/miranza.es\\\/en\\\/#\\\/schema\\\/person\\\/e01c042f39bcd4da7bc9b77d6e23bf76\",\"name\":\"Equipo Miranza\",\"image\":{\"@type\":\"ImageObject\",\"inLanguage\":\"en-US\",\"@id\":\"https:\\\/\\\/secure.gravatar.com\\\/avatar\\\/319e67a2c600de84615e0fdb3468ed425da29acb11edd895911d6403cf2975fd?s=96&d=mm&r=g\",\"url\":\"https:\\\/\\\/secure.gravatar.com\\\/avatar\\\/319e67a2c600de84615e0fdb3468ed425da29acb11edd895911d6403cf2975fd?s=96&d=mm&r=g\",\"contentUrl\":\"https:\\\/\\\/secure.gravatar.com\\\/avatar\\\/319e67a2c600de84615e0fdb3468ed425da29acb11edd895911d6403cf2975fd?s=96&d=mm&r=g\",\"caption\":\"Equipo Miranza\"}}]}<\/script>\n<!-- \/ Yoast SEO plugin. -->","yoast_head_json":{"title":"Incorporamos al grupo al Centro Oftalmol\u00f3gico Integral | Miranza","description":"Descubre la nueva incorporaci\u00f3n de Miranza: el Centro Oftalmol\u00f3gico Integral, ahora Miranza COI. Se trata de nuestra tercera cl\u00ednica en el Pa\u00eds Vasco.","robots":{"index":"index","follow":"follow","max-snippet":"max-snippet:-1","max-image-preview":"max-image-preview:large","max-video-preview":"max-video-preview:-1"},"canonical":"https:\/\/miranza.es\/en\/news\/crecemos-con-la-incorporacion-de-la-tercera-clinica-miranza-en-el-pais-vasco\/","og_locale":"en_US","og_type":"article","og_title":"Incorporamos al grupo al Centro Oftalmol\u00f3gico Integral | Miranza","og_description":"Descubre la nueva incorporaci\u00f3n de Miranza: el Centro Oftalmol\u00f3gico Integral, ahora Miranza COI. Se trata de nuestra tercera cl\u00ednica en el Pa\u00eds Vasco.","og_url":"https:\/\/miranza.es\/en\/news\/crecemos-con-la-incorporacion-de-la-tercera-clinica-miranza-en-el-pais-vasco\/","og_site_name":"Miranza","article_publisher":"https:\/\/www.facebook.com\/GrupoMiranza\/","article_published_time":"2021-02-23T08:57:09+00:00","article_modified_time":"2024-02-02T12:14:42+00:00","og_image":[{"width":1280,"height":777,"url":"https:\/\/miranza.es\/wp-content\/uploads\/2021\/02\/ramon-berra-con-fundadores-coi.jpg","type":"image\/jpeg"}],"author":"Equipo Miranza","twitter_card":"summary_large_image","twitter_creator":"@GrupoMiranza","twitter_site":"@GrupoMiranza","twitter_misc":{"Written by":"Equipo Miranza","Est. reading time":"2 minutes"},"schema":{"@context":"https:\/\/schema.org","@graph":[{"@type":"Article","@id":"https:\/\/miranza.es\/en\/news\/crecemos-con-la-incorporacion-de-la-tercera-clinica-miranza-en-el-pais-vasco\/#article","isPartOf":{"@id":"https:\/\/miranza.es\/en\/news\/crecemos-con-la-incorporacion-de-la-tercera-clinica-miranza-en-el-pais-vasco\/"},"author":{"name":"Equipo Miranza","@id":"https:\/\/miranza.es\/en\/#\/schema\/person\/e01c042f39bcd4da7bc9b77d6e23bf76"},"headline":"Our expansion continues with the addition of a third Miranza clinic in the Basque Country","datePublished":"2021-02-23T08:57:09+00:00","dateModified":"2024-02-02T12:14:42+00:00","mainEntityOfPage":{"@id":"https:\/\/miranza.es\/en\/news\/crecemos-con-la-incorporacion-de-la-tercera-clinica-miranza-en-el-pais-vasco\/"},"wordCount":330,"publisher":{"@id":"https:\/\/miranza.es\/en\/#organization"},"image":{"@id":"https:\/\/miranza.es\/en\/news\/crecemos-con-la-incorporacion-de-la-tercera-clinica-miranza-en-el-pais-vasco\/#primaryimage"},"thumbnailUrl":"https:\/\/miranza.es\/wp-content\/uploads\/2021\/02\/ramon-berra-con-fundadores-coi.jpg","articleSection":["News"],"inLanguage":"en-US"},{"@type":"WebPage","@id":"https:\/\/miranza.es\/en\/news\/crecemos-con-la-incorporacion-de-la-tercera-clinica-miranza-en-el-pais-vasco\/","url":"https:\/\/miranza.es\/en\/news\/crecemos-con-la-incorporacion-de-la-tercera-clinica-miranza-en-el-pais-vasco\/","name":"Incorporamos al grupo al Centro Oftalmol\u00f3gico Integral | Miranza","isPartOf":{"@id":"https:\/\/miranza.es\/en\/#website"},"primaryImageOfPage":{"@id":"https:\/\/miranza.es\/en\/news\/crecemos-con-la-incorporacion-de-la-tercera-clinica-miranza-en-el-pais-vasco\/#primaryimage"},"image":{"@id":"https:\/\/miranza.es\/en\/news\/crecemos-con-la-incorporacion-de-la-tercera-clinica-miranza-en-el-pais-vasco\/#primaryimage"},"thumbnailUrl":"https:\/\/miranza.es\/wp-content\/uploads\/2021\/02\/ramon-berra-con-fundadores-coi.jpg","datePublished":"2021-02-23T08:57:09+00:00","dateModified":"2024-02-02T12:14:42+00:00","description":"Descubre la nueva incorporaci\u00f3n de Miranza: el Centro Oftalmol\u00f3gico Integral, ahora Miranza COI. Se trata de nuestra tercera cl\u00ednica en el Pa\u00eds Vasco.","breadcrumb":{"@id":"https:\/\/miranza.es\/en\/news\/crecemos-con-la-incorporacion-de-la-tercera-clinica-miranza-en-el-pais-vasco\/#breadcrumb"},"inLanguage":"en-US","potentialAction":[{"@type":"ReadAction","target":["https:\/\/miranza.es\/en\/news\/crecemos-con-la-incorporacion-de-la-tercera-clinica-miranza-en-el-pais-vasco\/"]}]},{"@type":"ImageObject","inLanguage":"en-US","@id":"https:\/\/miranza.es\/en\/news\/crecemos-con-la-incorporacion-de-la-tercera-clinica-miranza-en-el-pais-vasco\/#primaryimage","url":"https:\/\/miranza.es\/wp-content\/uploads\/2021\/02\/ramon-berra-con-fundadores-coi.jpg","contentUrl":"https:\/\/miranza.es\/wp-content\/uploads\/2021\/02\/ramon-berra-con-fundadores-coi.jpg","width":1280,"height":777,"caption":"Ram\u00f3n Berra con fundadores COI"},{"@type":"BreadcrumbList","@id":"https:\/\/miranza.es\/en\/news\/crecemos-con-la-incorporacion-de-la-tercera-clinica-miranza-en-el-pais-vasco\/#breadcrumb","itemListElement":[{"@type":"ListItem","position":1,"name":"Home","item":"https:\/\/miranza.es\/en\/"},{"@type":"ListItem","position":2,"name":"News","item":"https:\/\/miranza.es\/en\/category\/news\/"},{"@type":"ListItem","position":3,"name":"Our expansion continues with the addition of a third Miranza clinic in the Basque Country"}]},{"@type":"WebSite","@id":"https:\/\/miranza.es\/en\/#website","url":"https:\/\/miranza.es\/en\/","name":"Miranza","description":"Somos tus centros de excelencia, especialistas en bienestar ocular. Estamos a tu lado, creando nuevos horizontes para seguir viendo.","publisher":{"@id":"https:\/\/miranza.es\/en\/#organization"},"potentialAction":[{"@type":"SearchAction","target":{"@type":"EntryPoint","urlTemplate":"https:\/\/miranza.es\/en\/?s={search_term_string}"},"query-input":{"@type":"PropertyValueSpecification","valueRequired":true,"valueName":"search_term_string"}}],"inLanguage":"en-US"},{"@type":"Organization","@id":"https:\/\/miranza.es\/en\/#organization","name":"Miranza","url":"https:\/\/miranza.es\/en\/","logo":{"@type":"ImageObject","inLanguage":"en-US","@id":"https:\/\/miranza.es\/en\/#\/schema\/logo\/image\/","url":"https:\/\/miranza.es\/wp-content\/uploads\/2024\/04\/logo-miranza.jpg","contentUrl":"https:\/\/miranza.es\/wp-content\/uploads\/2024\/04\/logo-miranza.jpg","width":600,"height":600,"caption":"Miranza"},"image":{"@id":"https:\/\/miranza.es\/en\/#\/schema\/logo\/image\/"},"sameAs":["https:\/\/www.facebook.com\/GrupoMiranza\/","https:\/\/x.com\/GrupoMiranza","https:\/\/www.instagram.com\/grupomiranza\/","https:\/\/www.linkedin.com\/company\/grupomiranza","https:\/\/www.youtube.com\/channel\/UCX2gEI-gOFCbPHZ7QSTkLYQ\/featured"]},{"@type":"Person","@id":"https:\/\/miranza.es\/en\/#\/schema\/person\/e01c042f39bcd4da7bc9b77d6e23bf76","name":"Equipo Miranza","image":{"@type":"ImageObject","inLanguage":"en-US","@id":"https:\/\/secure.gravatar.com\/avatar\/319e67a2c600de84615e0fdb3468ed425da29acb11edd895911d6403cf2975fd?s=96&d=mm&r=g","url":"https:\/\/secure.gravatar.com\/avatar\/319e67a2c600de84615e0fdb3468ed425da29acb11edd895911d6403cf2975fd?s=96&d=mm&r=g","contentUrl":"https:\/\/secure.gravatar.com\/avatar\/319e67a2c600de84615e0fdb3468ed425da29acb11edd895911d6403cf2975fd?s=96&d=mm&r=g","caption":"Equipo Miranza"}}]}},"_links":{"self":[{"href":"https:\/\/miranza.es\/en\/wp-json\/wp\/v2\/posts\/119228","targetHints":{"allow":["GET"]}}],"collection":[{"href":"https:\/\/miranza.es\/en\/wp-json\/wp\/v2\/posts"}],"about":[{"href":"https:\/\/miranza.es\/en\/wp-json\/wp\/v2\/types\/post"}],"author":[{"embeddable":true,"href":"https:\/\/miranza.es\/en\/wp-json\/wp\/v2\/users\/1"}],"replies":[{"embeddable":true,"href":"https:\/\/miranza.es\/en\/wp-json\/wp\/v2\/comments?post=119228"}],"version-history":[{"count":1,"href":"https:\/\/miranza.es\/en\/wp-json\/wp\/v2\/posts\/119228\/revisions"}],"predecessor-version":[{"id":119230,"href":"https:\/\/miranza.es\/en\/wp-json\/wp\/v2\/posts\/119228\/revisions\/119230"}],"wp:featuredmedia":[{"embeddable":true,"href":"https:\/\/miranza.es\/en\/wp-json\/wp\/v2\/media\/10958"}],"wp:attachment":[{"href":"https:\/\/miranza.es\/en\/wp-json\/wp\/v2\/media?parent=119228"}],"wp:term":[{"taxonomy":"category","embeddable":true,"href":"https:\/\/miranza.es\/en\/wp-json\/wp\/v2\/categories?post=119228"},{"taxonomy":"post_tag","embeddable":true,"href":"https:\/\/miranza.es\/en\/wp-json\/wp\/v2\/tags?post=119228"}],"curies":[{"name":"wp","href":"https:\/\/api.w.org\/{rel}","templated":true}]}}