{"id":119206,"date":"2020-10-29T17:30:04","date_gmt":"2020-10-29T15:30:04","guid":{"rendered":"https:\/\/miranza.es\/uncategorized\/miranza-begitek-implanta-la-primera-lente-intraocular-sinergy-toric-en-espana\/"},"modified":"2024-02-02T12:38:25","modified_gmt":"2024-02-02T11:38:25","slug":"miranza-begitek-implanta-la-primera-lente-intraocular-sinergy-toric-en-espana","status":"publish","type":"post","link":"https:\/\/miranza.es\/en\/news\/miranza-begitek-implanta-la-primera-lente-intraocular-sinergy-toric-en-espana\/","title":{"rendered":"Miranza Begitek implants first Synergy Toric intraocular lens in Spain"},"content":{"rendered":"\n<p>Dr Jaime Aramberri, one of our professionals at Cl\u00ednica <a href=\"https:\/\/miranza.servidor.gal\/en\/our-eye-clinics\/miranza-begitek\/\">Miranza Begitek<\/a> in San Sebasti\u00e1n, has implanted the first Synergy Toric intraocular lens in Spain. This state-of-the-art intraocular lens is able to correct any refractive error, myopia, hyperopia or associated presbyopia in patients over 50 years of age.<\/p>\n\n\n<div class=\"wp-block-image is-resized\">\n<figure class=\"aligncenter size-large\"><img loading=\"lazy\" decoding=\"async\" width=\"1024\" height=\"602\" src=\"https:\/\/miranza.servidor.gal\/wp-content\/uploads\/2020\/10\/Begitek-76_recortada-2-1024x602.jpg\" alt=\"\" class=\"wp-image-7632\" srcset=\"https:\/\/miranza.es\/wp-content\/uploads\/2020\/10\/Begitek-76_recortada-2-1024x602.jpg 1024w, https:\/\/miranza.es\/wp-content\/uploads\/2020\/10\/Begitek-76_recortada-2-300x176.jpg 300w, https:\/\/miranza.es\/wp-content\/uploads\/2020\/10\/Begitek-76_recortada-2-768x451.jpg 768w, https:\/\/miranza.es\/wp-content\/uploads\/2020\/10\/Begitek-76_recortada-2.jpg 1227w\" sizes=\"auto, (max-width: 1024px) 100vw, 1024px\" \/><\/figure><\/div>\n\n\n<h2 class=\"wp-block-heading\">Comfortable vision at different distances<\/h2>\n\n\n\n<p>The lens benefits from technology known as continuous focus, which allows focused vision from a short distance (40 cm) suitable for reading to infinity. This allows users to change easily from reading up close to viewing a computer screen at an intermediate distance, without the jarring sensation that may be experienced with other designs of trifocal intraocular lenses. Its toric design also allows correction of astigmatism in half of the recorded cases, making it easier to have good eyesight without the need for glasses. <\/p>\n\n\n\n<p>The lens is recommended for patients who wish to eliminate their dependence on glasses and for those who must undergo cataract surgery<\/p>\n\n\n\n<h2 class=\"wp-block-heading\">Pioneers in implantation of intraocular lenses<\/h2>\n\n\n\n<p>The implantation of intraocular lenses is a field of ophthalmology that has surged in recent years, and we at <a href=\"https:\/\/miranza.servidor.gal\/en\/our-eye-clinics\/miranza-begitek\/\">Miranza<\/a> strive to be at the forefront of the latest developments. In addition to pioneering the use of the Synergy Toric multifocal lens, our specialists have taken part in the study and development of other new models such as <a href=\"https:\/\/miranza.servidor.gal\/en\/news\/new-extended-focus-lens-for-myopia-and-presbyopia\/\">Viva<\/a> and <a href=\"https:\/\/miranza.servidor.gal\/en\/news\/leaders-in-the-implantation-of-extended-focus-intraocular-lenses-for-presbyopia-and-cataract\/\">Vivity<\/a>, which reflect the perfection of extended-focus technology.<\/p>\n\n\n\n<p>The challenge lies in uniting technical innovation and ophthalmological experience to offer each patient the intraocular lens that best suits his or her specific vision needs. This approach makes our refractive surgery an increasingly personalised experience.<\/p>\n","protected":false},"excerpt":{"rendered":"<p>Descubre c\u00f3mo Jaime Aramberri, de Miranza Begitek implanta la primera lente intraocular Sinergy Toric en Espa\u00f1a, de \u00faltima generaci\u00f3n.<\/p>\n","protected":false},"author":1,"featured_media":7633,"comment_status":"closed","ping_status":"closed","sticky":false,"template":"","format":"standard","meta":{"_acf_changed":false,"inline_featured_image":false,"footnotes":""},"categories":[4],"tags":[],"class_list":["post-119206","post","type-post","status-publish","format-standard","has-post-thumbnail","hentry","category-news"],"acf":[],"yoast_head":"<!-- This site is optimized with the Yoast SEO plugin v27.3 - https:\/\/yoast.com\/product\/yoast-seo-wordpress\/ -->\n<title>Miranza Begitek implanta Sinergy Toric en Espa\u00f1a | Miranza<\/title>\n<meta name=\"description\" content=\"Descubre c\u00f3mo Jaime Aramberri, de Miranza Begitek implanta la primera lente intraocular Sinergy Toric en Espa\u00f1a, de \u00faltima generaci\u00f3n.\" \/>\n<meta name=\"robots\" content=\"index, follow, max-snippet:-1, max-image-preview:large, max-video-preview:-1\" \/>\n<link rel=\"canonical\" href=\"https:\/\/miranza.es\/en\/news\/miranza-begitek-implanta-la-primera-lente-intraocular-sinergy-toric-en-espana\/\" \/>\n<meta property=\"og:locale\" content=\"en_US\" \/>\n<meta property=\"og:type\" content=\"article\" \/>\n<meta property=\"og:title\" content=\"Miranza Begitek implanta Sinergy Toric en Espa\u00f1a | Miranza\" \/>\n<meta property=\"og:description\" content=\"Descubre c\u00f3mo Jaime Aramberri, de Miranza Begitek implanta la primera lente intraocular Sinergy Toric en Espa\u00f1a, de \u00faltima generaci\u00f3n.\" \/>\n<meta property=\"og:url\" content=\"https:\/\/miranza.es\/en\/news\/miranza-begitek-implanta-la-primera-lente-intraocular-sinergy-toric-en-espana\/\" \/>\n<meta property=\"og:site_name\" content=\"Miranza\" \/>\n<meta property=\"article:publisher\" content=\"https:\/\/www.facebook.com\/GrupoMiranza\/\" \/>\n<meta property=\"article:published_time\" content=\"2020-10-29T15:30:04+00:00\" \/>\n<meta property=\"article:modified_time\" content=\"2024-02-02T11:38:25+00:00\" \/>\n<meta property=\"og:image\" content=\"https:\/\/miranza.es\/wp-content\/uploads\/2020\/10\/Begitek-76_recortada-2.jpg\" \/>\n\t<meta property=\"og:image:width\" content=\"1227\" \/>\n\t<meta property=\"og:image:height\" content=\"721\" \/>\n\t<meta property=\"og:image:type\" content=\"image\/jpeg\" \/>\n<meta name=\"author\" content=\"Equipo Miranza\" \/>\n<meta name=\"twitter:card\" content=\"summary_large_image\" \/>\n<meta name=\"twitter:creator\" content=\"@GrupoMiranza\" \/>\n<meta name=\"twitter:site\" content=\"@GrupoMiranza\" \/>\n<meta name=\"twitter:label1\" content=\"Written by\" \/>\n\t<meta name=\"twitter:data1\" content=\"Equipo Miranza\" \/>\n\t<meta name=\"twitter:label2\" content=\"Est. reading time\" \/>\n\t<meta name=\"twitter:data2\" content=\"2 minutes\" \/>\n<script type=\"application\/ld+json\" class=\"yoast-schema-graph\">{\"@context\":\"https:\\\/\\\/schema.org\",\"@graph\":[{\"@type\":\"Article\",\"@id\":\"https:\\\/\\\/miranza.es\\\/en\\\/news\\\/miranza-begitek-implanta-la-primera-lente-intraocular-sinergy-toric-en-espana\\\/#article\",\"isPartOf\":{\"@id\":\"https:\\\/\\\/miranza.es\\\/en\\\/news\\\/miranza-begitek-implanta-la-primera-lente-intraocular-sinergy-toric-en-espana\\\/\"},\"author\":{\"name\":\"Equipo Miranza\",\"@id\":\"https:\\\/\\\/miranza.es\\\/en\\\/#\\\/schema\\\/person\\\/e01c042f39bcd4da7bc9b77d6e23bf76\"},\"headline\":\"Miranza Begitek implants first Synergy Toric intraocular lens in Spain\",\"datePublished\":\"2020-10-29T15:30:04+00:00\",\"dateModified\":\"2024-02-02T11:38:25+00:00\",\"mainEntityOfPage\":{\"@id\":\"https:\\\/\\\/miranza.es\\\/en\\\/news\\\/miranza-begitek-implanta-la-primera-lente-intraocular-sinergy-toric-en-espana\\\/\"},\"wordCount\":278,\"publisher\":{\"@id\":\"https:\\\/\\\/miranza.es\\\/en\\\/#organization\"},\"image\":{\"@id\":\"https:\\\/\\\/miranza.es\\\/en\\\/news\\\/miranza-begitek-implanta-la-primera-lente-intraocular-sinergy-toric-en-espana\\\/#primaryimage\"},\"thumbnailUrl\":\"https:\\\/\\\/miranza.es\\\/wp-content\\\/uploads\\\/2020\\\/10\\\/Begitek-76_recortada-2.jpg\",\"articleSection\":[\"News\"],\"inLanguage\":\"en-US\"},{\"@type\":\"WebPage\",\"@id\":\"https:\\\/\\\/miranza.es\\\/en\\\/news\\\/miranza-begitek-implanta-la-primera-lente-intraocular-sinergy-toric-en-espana\\\/\",\"url\":\"https:\\\/\\\/miranza.es\\\/en\\\/news\\\/miranza-begitek-implanta-la-primera-lente-intraocular-sinergy-toric-en-espana\\\/\",\"name\":\"Miranza Begitek implanta Sinergy Toric en Espa\u00f1a | Miranza\",\"isPartOf\":{\"@id\":\"https:\\\/\\\/miranza.es\\\/en\\\/#website\"},\"primaryImageOfPage\":{\"@id\":\"https:\\\/\\\/miranza.es\\\/en\\\/news\\\/miranza-begitek-implanta-la-primera-lente-intraocular-sinergy-toric-en-espana\\\/#primaryimage\"},\"image\":{\"@id\":\"https:\\\/\\\/miranza.es\\\/en\\\/news\\\/miranza-begitek-implanta-la-primera-lente-intraocular-sinergy-toric-en-espana\\\/#primaryimage\"},\"thumbnailUrl\":\"https:\\\/\\\/miranza.es\\\/wp-content\\\/uploads\\\/2020\\\/10\\\/Begitek-76_recortada-2.jpg\",\"datePublished\":\"2020-10-29T15:30:04+00:00\",\"dateModified\":\"2024-02-02T11:38:25+00:00\",\"description\":\"Descubre c\u00f3mo Jaime Aramberri, de Miranza Begitek implanta la primera lente intraocular Sinergy Toric en Espa\u00f1a, de \u00faltima generaci\u00f3n.\",\"breadcrumb\":{\"@id\":\"https:\\\/\\\/miranza.es\\\/en\\\/news\\\/miranza-begitek-implanta-la-primera-lente-intraocular-sinergy-toric-en-espana\\\/#breadcrumb\"},\"inLanguage\":\"en-US\",\"potentialAction\":[{\"@type\":\"ReadAction\",\"target\":[\"https:\\\/\\\/miranza.es\\\/en\\\/news\\\/miranza-begitek-implanta-la-primera-lente-intraocular-sinergy-toric-en-espana\\\/\"]}]},{\"@type\":\"ImageObject\",\"inLanguage\":\"en-US\",\"@id\":\"https:\\\/\\\/miranza.es\\\/en\\\/news\\\/miranza-begitek-implanta-la-primera-lente-intraocular-sinergy-toric-en-espana\\\/#primaryimage\",\"url\":\"https:\\\/\\\/miranza.es\\\/wp-content\\\/uploads\\\/2020\\\/10\\\/Begitek-76_recortada-2.jpg\",\"contentUrl\":\"https:\\\/\\\/miranza.es\\\/wp-content\\\/uploads\\\/2020\\\/10\\\/Begitek-76_recortada-2.jpg\",\"width\":1227,\"height\":721},{\"@type\":\"BreadcrumbList\",\"@id\":\"https:\\\/\\\/miranza.es\\\/en\\\/news\\\/miranza-begitek-implanta-la-primera-lente-intraocular-sinergy-toric-en-espana\\\/#breadcrumb\",\"itemListElement\":[{\"@type\":\"ListItem\",\"position\":1,\"name\":\"Home\",\"item\":\"https:\\\/\\\/miranza.es\\\/en\\\/\"},{\"@type\":\"ListItem\",\"position\":2,\"name\":\"News\",\"item\":\"https:\\\/\\\/miranza.es\\\/en\\\/category\\\/news\\\/\"},{\"@type\":\"ListItem\",\"position\":3,\"name\":\"Miranza Begitek implants first Synergy Toric intraocular lens in Spain\"}]},{\"@type\":\"WebSite\",\"@id\":\"https:\\\/\\\/miranza.es\\\/en\\\/#website\",\"url\":\"https:\\\/\\\/miranza.es\\\/en\\\/\",\"name\":\"Miranza\",\"description\":\"Somos tus centros de excelencia, especialistas en bienestar ocular. Estamos a tu lado, creando nuevos horizontes para seguir viendo.\",\"publisher\":{\"@id\":\"https:\\\/\\\/miranza.es\\\/en\\\/#organization\"},\"potentialAction\":[{\"@type\":\"SearchAction\",\"target\":{\"@type\":\"EntryPoint\",\"urlTemplate\":\"https:\\\/\\\/miranza.es\\\/en\\\/?s={search_term_string}\"},\"query-input\":{\"@type\":\"PropertyValueSpecification\",\"valueRequired\":true,\"valueName\":\"search_term_string\"}}],\"inLanguage\":\"en-US\"},{\"@type\":\"Organization\",\"@id\":\"https:\\\/\\\/miranza.es\\\/en\\\/#organization\",\"name\":\"Miranza\",\"url\":\"https:\\\/\\\/miranza.es\\\/en\\\/\",\"logo\":{\"@type\":\"ImageObject\",\"inLanguage\":\"en-US\",\"@id\":\"https:\\\/\\\/miranza.es\\\/en\\\/#\\\/schema\\\/logo\\\/image\\\/\",\"url\":\"https:\\\/\\\/miranza.es\\\/wp-content\\\/uploads\\\/2024\\\/04\\\/logo-miranza.jpg\",\"contentUrl\":\"https:\\\/\\\/miranza.es\\\/wp-content\\\/uploads\\\/2024\\\/04\\\/logo-miranza.jpg\",\"width\":600,\"height\":600,\"caption\":\"Miranza\"},\"image\":{\"@id\":\"https:\\\/\\\/miranza.es\\\/en\\\/#\\\/schema\\\/logo\\\/image\\\/\"},\"sameAs\":[\"https:\\\/\\\/www.facebook.com\\\/GrupoMiranza\\\/\",\"https:\\\/\\\/x.com\\\/GrupoMiranza\",\"https:\\\/\\\/www.instagram.com\\\/grupomiranza\\\/\",\"https:\\\/\\\/www.linkedin.com\\\/company\\\/grupomiranza\",\"https:\\\/\\\/www.youtube.com\\\/channel\\\/UCX2gEI-gOFCbPHZ7QSTkLYQ\\\/featured\"]},{\"@type\":\"Person\",\"@id\":\"https:\\\/\\\/miranza.es\\\/en\\\/#\\\/schema\\\/person\\\/e01c042f39bcd4da7bc9b77d6e23bf76\",\"name\":\"Equipo Miranza\",\"image\":{\"@type\":\"ImageObject\",\"inLanguage\":\"en-US\",\"@id\":\"https:\\\/\\\/secure.gravatar.com\\\/avatar\\\/319e67a2c600de84615e0fdb3468ed425da29acb11edd895911d6403cf2975fd?s=96&d=mm&r=g\",\"url\":\"https:\\\/\\\/secure.gravatar.com\\\/avatar\\\/319e67a2c600de84615e0fdb3468ed425da29acb11edd895911d6403cf2975fd?s=96&d=mm&r=g\",\"contentUrl\":\"https:\\\/\\\/secure.gravatar.com\\\/avatar\\\/319e67a2c600de84615e0fdb3468ed425da29acb11edd895911d6403cf2975fd?s=96&d=mm&r=g\",\"caption\":\"Equipo Miranza\"}}]}<\/script>\n<!-- \/ Yoast SEO plugin. -->","yoast_head_json":{"title":"Miranza Begitek implanta Sinergy Toric en Espa\u00f1a | Miranza","description":"Descubre c\u00f3mo Jaime Aramberri, de Miranza Begitek implanta la primera lente intraocular Sinergy Toric en Espa\u00f1a, de \u00faltima generaci\u00f3n.","robots":{"index":"index","follow":"follow","max-snippet":"max-snippet:-1","max-image-preview":"max-image-preview:large","max-video-preview":"max-video-preview:-1"},"canonical":"https:\/\/miranza.es\/en\/news\/miranza-begitek-implanta-la-primera-lente-intraocular-sinergy-toric-en-espana\/","og_locale":"en_US","og_type":"article","og_title":"Miranza Begitek implanta Sinergy Toric en Espa\u00f1a | Miranza","og_description":"Descubre c\u00f3mo Jaime Aramberri, de Miranza Begitek implanta la primera lente intraocular Sinergy Toric en Espa\u00f1a, de \u00faltima generaci\u00f3n.","og_url":"https:\/\/miranza.es\/en\/news\/miranza-begitek-implanta-la-primera-lente-intraocular-sinergy-toric-en-espana\/","og_site_name":"Miranza","article_publisher":"https:\/\/www.facebook.com\/GrupoMiranza\/","article_published_time":"2020-10-29T15:30:04+00:00","article_modified_time":"2024-02-02T11:38:25+00:00","og_image":[{"width":1227,"height":721,"url":"https:\/\/miranza.es\/wp-content\/uploads\/2020\/10\/Begitek-76_recortada-2.jpg","type":"image\/jpeg"}],"author":"Equipo Miranza","twitter_card":"summary_large_image","twitter_creator":"@GrupoMiranza","twitter_site":"@GrupoMiranza","twitter_misc":{"Written by":"Equipo Miranza","Est. reading time":"2 minutes"},"schema":{"@context":"https:\/\/schema.org","@graph":[{"@type":"Article","@id":"https:\/\/miranza.es\/en\/news\/miranza-begitek-implanta-la-primera-lente-intraocular-sinergy-toric-en-espana\/#article","isPartOf":{"@id":"https:\/\/miranza.es\/en\/news\/miranza-begitek-implanta-la-primera-lente-intraocular-sinergy-toric-en-espana\/"},"author":{"name":"Equipo Miranza","@id":"https:\/\/miranza.es\/en\/#\/schema\/person\/e01c042f39bcd4da7bc9b77d6e23bf76"},"headline":"Miranza Begitek implants first Synergy Toric intraocular lens in Spain","datePublished":"2020-10-29T15:30:04+00:00","dateModified":"2024-02-02T11:38:25+00:00","mainEntityOfPage":{"@id":"https:\/\/miranza.es\/en\/news\/miranza-begitek-implanta-la-primera-lente-intraocular-sinergy-toric-en-espana\/"},"wordCount":278,"publisher":{"@id":"https:\/\/miranza.es\/en\/#organization"},"image":{"@id":"https:\/\/miranza.es\/en\/news\/miranza-begitek-implanta-la-primera-lente-intraocular-sinergy-toric-en-espana\/#primaryimage"},"thumbnailUrl":"https:\/\/miranza.es\/wp-content\/uploads\/2020\/10\/Begitek-76_recortada-2.jpg","articleSection":["News"],"inLanguage":"en-US"},{"@type":"WebPage","@id":"https:\/\/miranza.es\/en\/news\/miranza-begitek-implanta-la-primera-lente-intraocular-sinergy-toric-en-espana\/","url":"https:\/\/miranza.es\/en\/news\/miranza-begitek-implanta-la-primera-lente-intraocular-sinergy-toric-en-espana\/","name":"Miranza Begitek implanta Sinergy Toric en Espa\u00f1a | Miranza","isPartOf":{"@id":"https:\/\/miranza.es\/en\/#website"},"primaryImageOfPage":{"@id":"https:\/\/miranza.es\/en\/news\/miranza-begitek-implanta-la-primera-lente-intraocular-sinergy-toric-en-espana\/#primaryimage"},"image":{"@id":"https:\/\/miranza.es\/en\/news\/miranza-begitek-implanta-la-primera-lente-intraocular-sinergy-toric-en-espana\/#primaryimage"},"thumbnailUrl":"https:\/\/miranza.es\/wp-content\/uploads\/2020\/10\/Begitek-76_recortada-2.jpg","datePublished":"2020-10-29T15:30:04+00:00","dateModified":"2024-02-02T11:38:25+00:00","description":"Descubre c\u00f3mo Jaime Aramberri, de Miranza Begitek implanta la primera lente intraocular Sinergy Toric en Espa\u00f1a, de \u00faltima generaci\u00f3n.","breadcrumb":{"@id":"https:\/\/miranza.es\/en\/news\/miranza-begitek-implanta-la-primera-lente-intraocular-sinergy-toric-en-espana\/#breadcrumb"},"inLanguage":"en-US","potentialAction":[{"@type":"ReadAction","target":["https:\/\/miranza.es\/en\/news\/miranza-begitek-implanta-la-primera-lente-intraocular-sinergy-toric-en-espana\/"]}]},{"@type":"ImageObject","inLanguage":"en-US","@id":"https:\/\/miranza.es\/en\/news\/miranza-begitek-implanta-la-primera-lente-intraocular-sinergy-toric-en-espana\/#primaryimage","url":"https:\/\/miranza.es\/wp-content\/uploads\/2020\/10\/Begitek-76_recortada-2.jpg","contentUrl":"https:\/\/miranza.es\/wp-content\/uploads\/2020\/10\/Begitek-76_recortada-2.jpg","width":1227,"height":721},{"@type":"BreadcrumbList","@id":"https:\/\/miranza.es\/en\/news\/miranza-begitek-implanta-la-primera-lente-intraocular-sinergy-toric-en-espana\/#breadcrumb","itemListElement":[{"@type":"ListItem","position":1,"name":"Home","item":"https:\/\/miranza.es\/en\/"},{"@type":"ListItem","position":2,"name":"News","item":"https:\/\/miranza.es\/en\/category\/news\/"},{"@type":"ListItem","position":3,"name":"Miranza Begitek implants first Synergy Toric intraocular lens in Spain"}]},{"@type":"WebSite","@id":"https:\/\/miranza.es\/en\/#website","url":"https:\/\/miranza.es\/en\/","name":"Miranza","description":"Somos tus centros de excelencia, especialistas en bienestar ocular. Estamos a tu lado, creando nuevos horizontes para seguir viendo.","publisher":{"@id":"https:\/\/miranza.es\/en\/#organization"},"potentialAction":[{"@type":"SearchAction","target":{"@type":"EntryPoint","urlTemplate":"https:\/\/miranza.es\/en\/?s={search_term_string}"},"query-input":{"@type":"PropertyValueSpecification","valueRequired":true,"valueName":"search_term_string"}}],"inLanguage":"en-US"},{"@type":"Organization","@id":"https:\/\/miranza.es\/en\/#organization","name":"Miranza","url":"https:\/\/miranza.es\/en\/","logo":{"@type":"ImageObject","inLanguage":"en-US","@id":"https:\/\/miranza.es\/en\/#\/schema\/logo\/image\/","url":"https:\/\/miranza.es\/wp-content\/uploads\/2024\/04\/logo-miranza.jpg","contentUrl":"https:\/\/miranza.es\/wp-content\/uploads\/2024\/04\/logo-miranza.jpg","width":600,"height":600,"caption":"Miranza"},"image":{"@id":"https:\/\/miranza.es\/en\/#\/schema\/logo\/image\/"},"sameAs":["https:\/\/www.facebook.com\/GrupoMiranza\/","https:\/\/x.com\/GrupoMiranza","https:\/\/www.instagram.com\/grupomiranza\/","https:\/\/www.linkedin.com\/company\/grupomiranza","https:\/\/www.youtube.com\/channel\/UCX2gEI-gOFCbPHZ7QSTkLYQ\/featured"]},{"@type":"Person","@id":"https:\/\/miranza.es\/en\/#\/schema\/person\/e01c042f39bcd4da7bc9b77d6e23bf76","name":"Equipo Miranza","image":{"@type":"ImageObject","inLanguage":"en-US","@id":"https:\/\/secure.gravatar.com\/avatar\/319e67a2c600de84615e0fdb3468ed425da29acb11edd895911d6403cf2975fd?s=96&d=mm&r=g","url":"https:\/\/secure.gravatar.com\/avatar\/319e67a2c600de84615e0fdb3468ed425da29acb11edd895911d6403cf2975fd?s=96&d=mm&r=g","contentUrl":"https:\/\/secure.gravatar.com\/avatar\/319e67a2c600de84615e0fdb3468ed425da29acb11edd895911d6403cf2975fd?s=96&d=mm&r=g","caption":"Equipo Miranza"}}]}},"_links":{"self":[{"href":"https:\/\/miranza.es\/en\/wp-json\/wp\/v2\/posts\/119206","targetHints":{"allow":["GET"]}}],"collection":[{"href":"https:\/\/miranza.es\/en\/wp-json\/wp\/v2\/posts"}],"about":[{"href":"https:\/\/miranza.es\/en\/wp-json\/wp\/v2\/types\/post"}],"author":[{"embeddable":true,"href":"https:\/\/miranza.es\/en\/wp-json\/wp\/v2\/users\/1"}],"replies":[{"embeddable":true,"href":"https:\/\/miranza.es\/en\/wp-json\/wp\/v2\/comments?post=119206"}],"version-history":[{"count":2,"href":"https:\/\/miranza.es\/en\/wp-json\/wp\/v2\/posts\/119206\/revisions"}],"predecessor-version":[{"id":119209,"href":"https:\/\/miranza.es\/en\/wp-json\/wp\/v2\/posts\/119206\/revisions\/119209"}],"wp:featuredmedia":[{"embeddable":true,"href":"https:\/\/miranza.es\/en\/wp-json\/wp\/v2\/media\/7633"}],"wp:attachment":[{"href":"https:\/\/miranza.es\/en\/wp-json\/wp\/v2\/media?parent=119206"}],"wp:term":[{"taxonomy":"category","embeddable":true,"href":"https:\/\/miranza.es\/en\/wp-json\/wp\/v2\/categories?post=119206"},{"taxonomy":"post_tag","embeddable":true,"href":"https:\/\/miranza.es\/en\/wp-json\/wp\/v2\/tags?post=119206"}],"curies":[{"name":"wp","href":"https:\/\/api.w.org\/{rel}","templated":true}]}}