{"id":119170,"date":"2021-01-21T14:40:02","date_gmt":"2021-01-21T12:40:02","guid":{"rendered":"https:\/\/miranza.es\/uncategorized\/sindrome-de-down-y-oftalmologia-vissum-grupo-miranza-fomenta-el-diagnostico-precoz-de-problemas-visuales-en-este-colectivo\/"},"modified":"2024-02-06T09:07:08","modified_gmt":"2024-02-06T08:07:08","slug":"sindrome-de-down-y-oftalmologia-vissum-grupo-miranza-fomenta-el-diagnostico-precoz-de-problemas-visuales-en-este-colectivo","status":"publish","type":"post","link":"https:\/\/miranza.es\/en\/news\/sindrome-de-down-y-oftalmologia-vissum-grupo-miranza-fomenta-el-diagnostico-precoz-de-problemas-visuales-en-este-colectivo\/","title":{"rendered":"Down syndrome and ophthalmology: Vissum Grupo Miranza promotes early diagnosis of eye problems in these patients"},"content":{"rendered":"\n<p>Twenty ophthalmic patients who suffer Down syndrome and are members of <a href=\"https:\/\/aidemar.com\/\">AIDEMAR<\/a>, a local association of disabled persons, recently visited our centre in Alicante <a href=\"https:\/\/miranza.es\/en\/our-eye-clinics\/vissum-alicante-grupo-miranza\/\">Vissum Grupo Miranza<\/a> for free eye examinations. The goal is to examine 60 patients of the association in three campaigns that are part of a programme for the early detection of eye disorders among those affected by Down syndrome, as they are at greater risk of visual loss, chiefly due to corneal problems.<\/p>\n\n\n\n<h2 class=\"wp-block-heading\">Corneal problems: the most common ophthalmic impairment of Down syndrome<\/h2>\n\n\n\n<p>For over 10 years, Vissum Grupo Miranza has studied the link between Down syndrome and ophthalmology in a project led by professor <a href=\"https:\/\/miranza.es\/en\/our-team\/ophthalmological-specialists\/jorge-alio-sanz-en\/\">Jorge L. Ali\u00f3<\/a> in which Miguel Hern\u00e1ndez University and the Polytechnic University of Cartagena have also participated. &#8220;We have been studying the state and the evolution of the corneas of patients suffering this disorder by using mathematical analysis methods to develop new diagnostic tools for corneal disease&#8221;, the specialist explains.<\/p>\n\n\n\n<p>The team\u2019s work in this field\u2014published in journals such as JAMA Ophthalmology, British Journal of Ophthalmology and Cornea\u2014has established that all patients with Down syndrome have some degree of corneal alteration (Down syndrome keratopathy) that may present mildly or progressively. Preventive treatment is available for cases of progressive presentation. &#8220;Their corneas are thinner and irregular and, as scientific evidence shows, in over 70% of cases, they display characteristics that are compatible with those of <a href=\"https:\/\/miranza.es\/en\/pathologies\/keratoconus\/\">keratoconus<\/a>, which is a disorder in which the outer layer of the eye becomes conical instead of round and diminishes vision&#8221;.<\/p>\n\n\n\n<p>According to professor Jorge L. Ali\u00f3, &#8220;It is of paramount importance to detect these cases as soon as possible and to determine which of them progress and require treatment to avoid development to severe stages that require <a href=\"https:\/\/miranza.es\/en\/treatments\/corneal-transplant\/\">corneal transplants<\/a>.&#8221; The founder of Vissum Grupo <a href=\"https:\/\/miranza.es\/en\/treatments\/corneal-transplant\/\">Miranza<\/a> goes on to say, &#8220;It must be considered that corneal transplants are particularly complex in patients with Down syndrome. Not only are there greater challenges insofar as control and monitoring but also higher risk of severe inflammatory reactions that may compromise the effectiveness of the transplant.&#8221;<\/p>\n\n\n\n<h2 class=\"wp-block-heading\">Access of patients with Down syndrome to more specialised ophthalmology<\/h2>\n\n\n\n<p>Due to this high incidence of corneal disease, the examinations performed at Vissum Grupo Miranza in Alicante\u2014carried out by the doctors Jorge Ali\u00f3 Sanz, <a href=\"https:\/\/miranza.es\/en\/our-team\/ophthalmological-specialists\/jorge-alio-del-barrio-en\/\">Jorge Ali\u00f3 del Barrio<\/a> and <a href=\"https:\/\/miranza.es\/en\/our-team\/ophthalmological-specialists\/alejandra-amesty-en\/\">Alejandra Amesty<\/a>\u2014included tests using the latest technology to measure corneal thickness, curvature, regularity, elasticity, etc. Additionally, refraction tests and thorough eye examinations were performed, because ophthalmic patients with Down syndrome are also more likely to develop <a href=\"https:\/\/miranza.es\/en\/pathologies\/cataracts\/\">cataracts<\/a> at early ages and to suffer <a href=\"https:\/\/miranza.es\/en\/pathologies\/high-myopia\/\">high myopia<\/a> (greater than six to eight dioptres, with frequently associated ocular complications), among other disorders.<\/p>\n\n\n\n<p>In addition to their eyes being more vulnerable, diagnoses are often delayed because patients with Down syndrome are unable to access specialised ophthalmology. These kinds of initiatives aim to remedy the situation, as &#8220;guaranteeing good vision is an important part of the personal autonomy and societal integration of these groups of people&#8221;, concludes professor Ali\u00f3.<\/p>\n","protected":false},"excerpt":{"rendered":"<p>Descubre la labor \u00a0de Vissum Grupo Miranza en la atenci\u00f3n y el estudio de los pacientes de oftalmolog\u00eda con s\u00edndrome de Down. Las afecciones m\u00e1s comunes.<\/p>\n","protected":false},"author":1,"featured_media":9740,"comment_status":"closed","ping_status":"closed","sticky":false,"template":"","format":"standard","meta":{"_acf_changed":false,"inline_featured_image":false,"footnotes":""},"categories":[4],"tags":[14],"class_list":["post-119170","post","type-post","status-publish","format-standard","has-post-thumbnail","hentry","category-news","tag-iniciativas"],"acf":[],"yoast_head":"<!-- This site is optimized with the Yoast SEO plugin v27.3 - https:\/\/yoast.com\/product\/yoast-seo-wordpress\/ -->\n<title>Estudio del S\u00edndrome de Down y oftalmolog\u00eda | Miranza<\/title>\n<meta name=\"description\" content=\"Descubre la labor \u00a0de Vissum Grupo Miranza en la atenci\u00f3n y el estudio de los pacientes de oftalmolog\u00eda con s\u00edndrome de Down. Las afecciones m\u00e1s comunes.\" \/>\n<meta name=\"robots\" content=\"index, follow, max-snippet:-1, max-image-preview:large, max-video-preview:-1\" \/>\n<link rel=\"canonical\" href=\"https:\/\/miranza.es\/en\/news\/sindrome-de-down-y-oftalmologia-vissum-grupo-miranza-fomenta-el-diagnostico-precoz-de-problemas-visuales-en-este-colectivo\/\" \/>\n<meta property=\"og:locale\" content=\"en_US\" \/>\n<meta property=\"og:type\" content=\"article\" \/>\n<meta property=\"og:title\" content=\"Estudio del S\u00edndrome de Down y oftalmolog\u00eda | Miranza\" \/>\n<meta property=\"og:description\" content=\"Descubre la labor \u00a0de Vissum Grupo Miranza en la atenci\u00f3n y el estudio de los pacientes de oftalmolog\u00eda con s\u00edndrome de Down. Las afecciones m\u00e1s comunes.\" \/>\n<meta property=\"og:url\" content=\"https:\/\/miranza.es\/en\/news\/sindrome-de-down-y-oftalmologia-vissum-grupo-miranza-fomenta-el-diagnostico-precoz-de-problemas-visuales-en-este-colectivo\/\" \/>\n<meta property=\"og:site_name\" content=\"Miranza\" \/>\n<meta property=\"article:publisher\" content=\"https:\/\/www.facebook.com\/GrupoMiranza\/\" \/>\n<meta property=\"article:published_time\" content=\"2021-01-21T12:40:02+00:00\" \/>\n<meta property=\"article:modified_time\" content=\"2024-02-06T08:07:08+00:00\" \/>\n<meta property=\"og:image\" content=\"https:\/\/miranza.es\/wp-content\/uploads\/2021\/01\/IMG-20210121-WA0000.jpg\" \/>\n\t<meta property=\"og:image:width\" content=\"1024\" \/>\n\t<meta property=\"og:image:height\" content=\"768\" \/>\n\t<meta property=\"og:image:type\" content=\"image\/jpeg\" \/>\n<meta name=\"author\" content=\"Equipo Miranza\" \/>\n<meta name=\"twitter:card\" content=\"summary_large_image\" \/>\n<meta name=\"twitter:creator\" content=\"@GrupoMiranza\" \/>\n<meta name=\"twitter:site\" content=\"@GrupoMiranza\" \/>\n<meta name=\"twitter:label1\" content=\"Written by\" \/>\n\t<meta name=\"twitter:data1\" content=\"Equipo Miranza\" \/>\n\t<meta name=\"twitter:label2\" content=\"Est. reading time\" \/>\n\t<meta name=\"twitter:data2\" content=\"3 minutes\" \/>\n<script type=\"application\/ld+json\" class=\"yoast-schema-graph\">{\"@context\":\"https:\\\/\\\/schema.org\",\"@graph\":[{\"@type\":\"Article\",\"@id\":\"https:\\\/\\\/miranza.es\\\/en\\\/news\\\/sindrome-de-down-y-oftalmologia-vissum-grupo-miranza-fomenta-el-diagnostico-precoz-de-problemas-visuales-en-este-colectivo\\\/#article\",\"isPartOf\":{\"@id\":\"https:\\\/\\\/miranza.es\\\/en\\\/news\\\/sindrome-de-down-y-oftalmologia-vissum-grupo-miranza-fomenta-el-diagnostico-precoz-de-problemas-visuales-en-este-colectivo\\\/\"},\"author\":{\"name\":\"Equipo Miranza\",\"@id\":\"https:\\\/\\\/miranza.es\\\/en\\\/#\\\/schema\\\/person\\\/e01c042f39bcd4da7bc9b77d6e23bf76\"},\"headline\":\"Down syndrome and ophthalmology: Vissum Grupo Miranza promotes early diagnosis of eye problems in these patients\",\"datePublished\":\"2021-01-21T12:40:02+00:00\",\"dateModified\":\"2024-02-06T08:07:08+00:00\",\"mainEntityOfPage\":{\"@id\":\"https:\\\/\\\/miranza.es\\\/en\\\/news\\\/sindrome-de-down-y-oftalmologia-vissum-grupo-miranza-fomenta-el-diagnostico-precoz-de-problemas-visuales-en-este-colectivo\\\/\"},\"wordCount\":517,\"publisher\":{\"@id\":\"https:\\\/\\\/miranza.es\\\/en\\\/#organization\"},\"image\":{\"@id\":\"https:\\\/\\\/miranza.es\\\/en\\\/news\\\/sindrome-de-down-y-oftalmologia-vissum-grupo-miranza-fomenta-el-diagnostico-precoz-de-problemas-visuales-en-este-colectivo\\\/#primaryimage\"},\"thumbnailUrl\":\"https:\\\/\\\/miranza.es\\\/wp-content\\\/uploads\\\/2021\\\/01\\\/IMG-20210121-WA0000.jpg\",\"keywords\":[\"Iniciativas\"],\"articleSection\":[\"News\"],\"inLanguage\":\"en-US\"},{\"@type\":\"WebPage\",\"@id\":\"https:\\\/\\\/miranza.es\\\/en\\\/news\\\/sindrome-de-down-y-oftalmologia-vissum-grupo-miranza-fomenta-el-diagnostico-precoz-de-problemas-visuales-en-este-colectivo\\\/\",\"url\":\"https:\\\/\\\/miranza.es\\\/en\\\/news\\\/sindrome-de-down-y-oftalmologia-vissum-grupo-miranza-fomenta-el-diagnostico-precoz-de-problemas-visuales-en-este-colectivo\\\/\",\"name\":\"Estudio del S\u00edndrome de Down y oftalmolog\u00eda | Miranza\",\"isPartOf\":{\"@id\":\"https:\\\/\\\/miranza.es\\\/en\\\/#website\"},\"primaryImageOfPage\":{\"@id\":\"https:\\\/\\\/miranza.es\\\/en\\\/news\\\/sindrome-de-down-y-oftalmologia-vissum-grupo-miranza-fomenta-el-diagnostico-precoz-de-problemas-visuales-en-este-colectivo\\\/#primaryimage\"},\"image\":{\"@id\":\"https:\\\/\\\/miranza.es\\\/en\\\/news\\\/sindrome-de-down-y-oftalmologia-vissum-grupo-miranza-fomenta-el-diagnostico-precoz-de-problemas-visuales-en-este-colectivo\\\/#primaryimage\"},\"thumbnailUrl\":\"https:\\\/\\\/miranza.es\\\/wp-content\\\/uploads\\\/2021\\\/01\\\/IMG-20210121-WA0000.jpg\",\"datePublished\":\"2021-01-21T12:40:02+00:00\",\"dateModified\":\"2024-02-06T08:07:08+00:00\",\"description\":\"Descubre la labor \u00a0de Vissum Grupo Miranza en la atenci\u00f3n y el estudio de los pacientes de oftalmolog\u00eda con s\u00edndrome de Down. Las afecciones m\u00e1s comunes.\",\"breadcrumb\":{\"@id\":\"https:\\\/\\\/miranza.es\\\/en\\\/news\\\/sindrome-de-down-y-oftalmologia-vissum-grupo-miranza-fomenta-el-diagnostico-precoz-de-problemas-visuales-en-este-colectivo\\\/#breadcrumb\"},\"inLanguage\":\"en-US\",\"potentialAction\":[{\"@type\":\"ReadAction\",\"target\":[\"https:\\\/\\\/miranza.es\\\/en\\\/news\\\/sindrome-de-down-y-oftalmologia-vissum-grupo-miranza-fomenta-el-diagnostico-precoz-de-problemas-visuales-en-este-colectivo\\\/\"]}]},{\"@type\":\"ImageObject\",\"inLanguage\":\"en-US\",\"@id\":\"https:\\\/\\\/miranza.es\\\/en\\\/news\\\/sindrome-de-down-y-oftalmologia-vissum-grupo-miranza-fomenta-el-diagnostico-precoz-de-problemas-visuales-en-este-colectivo\\\/#primaryimage\",\"url\":\"https:\\\/\\\/miranza.es\\\/wp-content\\\/uploads\\\/2021\\\/01\\\/IMG-20210121-WA0000.jpg\",\"contentUrl\":\"https:\\\/\\\/miranza.es\\\/wp-content\\\/uploads\\\/2021\\\/01\\\/IMG-20210121-WA0000.jpg\",\"width\":1024,\"height\":768},{\"@type\":\"BreadcrumbList\",\"@id\":\"https:\\\/\\\/miranza.es\\\/en\\\/news\\\/sindrome-de-down-y-oftalmologia-vissum-grupo-miranza-fomenta-el-diagnostico-precoz-de-problemas-visuales-en-este-colectivo\\\/#breadcrumb\",\"itemListElement\":[{\"@type\":\"ListItem\",\"position\":1,\"name\":\"Home\",\"item\":\"https:\\\/\\\/miranza.es\\\/en\\\/\"},{\"@type\":\"ListItem\",\"position\":2,\"name\":\"News\",\"item\":\"https:\\\/\\\/miranza.es\\\/en\\\/category\\\/news\\\/\"},{\"@type\":\"ListItem\",\"position\":3,\"name\":\"Down syndrome and ophthalmology: Vissum Grupo Miranza promotes early diagnosis of eye problems in these patients\"}]},{\"@type\":\"WebSite\",\"@id\":\"https:\\\/\\\/miranza.es\\\/en\\\/#website\",\"url\":\"https:\\\/\\\/miranza.es\\\/en\\\/\",\"name\":\"Miranza\",\"description\":\"Somos tus centros de excelencia, especialistas en bienestar ocular. Estamos a tu lado, creando nuevos horizontes para seguir viendo.\",\"publisher\":{\"@id\":\"https:\\\/\\\/miranza.es\\\/en\\\/#organization\"},\"potentialAction\":[{\"@type\":\"SearchAction\",\"target\":{\"@type\":\"EntryPoint\",\"urlTemplate\":\"https:\\\/\\\/miranza.es\\\/en\\\/?s={search_term_string}\"},\"query-input\":{\"@type\":\"PropertyValueSpecification\",\"valueRequired\":true,\"valueName\":\"search_term_string\"}}],\"inLanguage\":\"en-US\"},{\"@type\":\"Organization\",\"@id\":\"https:\\\/\\\/miranza.es\\\/en\\\/#organization\",\"name\":\"Miranza\",\"url\":\"https:\\\/\\\/miranza.es\\\/en\\\/\",\"logo\":{\"@type\":\"ImageObject\",\"inLanguage\":\"en-US\",\"@id\":\"https:\\\/\\\/miranza.es\\\/en\\\/#\\\/schema\\\/logo\\\/image\\\/\",\"url\":\"https:\\\/\\\/miranza.es\\\/wp-content\\\/uploads\\\/2024\\\/04\\\/logo-miranza.jpg\",\"contentUrl\":\"https:\\\/\\\/miranza.es\\\/wp-content\\\/uploads\\\/2024\\\/04\\\/logo-miranza.jpg\",\"width\":600,\"height\":600,\"caption\":\"Miranza\"},\"image\":{\"@id\":\"https:\\\/\\\/miranza.es\\\/en\\\/#\\\/schema\\\/logo\\\/image\\\/\"},\"sameAs\":[\"https:\\\/\\\/www.facebook.com\\\/GrupoMiranza\\\/\",\"https:\\\/\\\/x.com\\\/GrupoMiranza\",\"https:\\\/\\\/www.instagram.com\\\/grupomiranza\\\/\",\"https:\\\/\\\/www.linkedin.com\\\/company\\\/grupomiranza\",\"https:\\\/\\\/www.youtube.com\\\/channel\\\/UCX2gEI-gOFCbPHZ7QSTkLYQ\\\/featured\"]},{\"@type\":\"Person\",\"@id\":\"https:\\\/\\\/miranza.es\\\/en\\\/#\\\/schema\\\/person\\\/e01c042f39bcd4da7bc9b77d6e23bf76\",\"name\":\"Equipo Miranza\",\"image\":{\"@type\":\"ImageObject\",\"inLanguage\":\"en-US\",\"@id\":\"https:\\\/\\\/secure.gravatar.com\\\/avatar\\\/319e67a2c600de84615e0fdb3468ed425da29acb11edd895911d6403cf2975fd?s=96&d=mm&r=g\",\"url\":\"https:\\\/\\\/secure.gravatar.com\\\/avatar\\\/319e67a2c600de84615e0fdb3468ed425da29acb11edd895911d6403cf2975fd?s=96&d=mm&r=g\",\"contentUrl\":\"https:\\\/\\\/secure.gravatar.com\\\/avatar\\\/319e67a2c600de84615e0fdb3468ed425da29acb11edd895911d6403cf2975fd?s=96&d=mm&r=g\",\"caption\":\"Equipo Miranza\"}}]}<\/script>\n<!-- \/ Yoast SEO plugin. -->","yoast_head_json":{"title":"Estudio del S\u00edndrome de Down y oftalmolog\u00eda | Miranza","description":"Descubre la labor \u00a0de Vissum Grupo Miranza en la atenci\u00f3n y el estudio de los pacientes de oftalmolog\u00eda con s\u00edndrome de Down. Las afecciones m\u00e1s comunes.","robots":{"index":"index","follow":"follow","max-snippet":"max-snippet:-1","max-image-preview":"max-image-preview:large","max-video-preview":"max-video-preview:-1"},"canonical":"https:\/\/miranza.es\/en\/news\/sindrome-de-down-y-oftalmologia-vissum-grupo-miranza-fomenta-el-diagnostico-precoz-de-problemas-visuales-en-este-colectivo\/","og_locale":"en_US","og_type":"article","og_title":"Estudio del S\u00edndrome de Down y oftalmolog\u00eda | Miranza","og_description":"Descubre la labor \u00a0de Vissum Grupo Miranza en la atenci\u00f3n y el estudio de los pacientes de oftalmolog\u00eda con s\u00edndrome de Down. Las afecciones m\u00e1s comunes.","og_url":"https:\/\/miranza.es\/en\/news\/sindrome-de-down-y-oftalmologia-vissum-grupo-miranza-fomenta-el-diagnostico-precoz-de-problemas-visuales-en-este-colectivo\/","og_site_name":"Miranza","article_publisher":"https:\/\/www.facebook.com\/GrupoMiranza\/","article_published_time":"2021-01-21T12:40:02+00:00","article_modified_time":"2024-02-06T08:07:08+00:00","og_image":[{"width":1024,"height":768,"url":"https:\/\/miranza.es\/wp-content\/uploads\/2021\/01\/IMG-20210121-WA0000.jpg","type":"image\/jpeg"}],"author":"Equipo Miranza","twitter_card":"summary_large_image","twitter_creator":"@GrupoMiranza","twitter_site":"@GrupoMiranza","twitter_misc":{"Written by":"Equipo Miranza","Est. reading time":"3 minutes"},"schema":{"@context":"https:\/\/schema.org","@graph":[{"@type":"Article","@id":"https:\/\/miranza.es\/en\/news\/sindrome-de-down-y-oftalmologia-vissum-grupo-miranza-fomenta-el-diagnostico-precoz-de-problemas-visuales-en-este-colectivo\/#article","isPartOf":{"@id":"https:\/\/miranza.es\/en\/news\/sindrome-de-down-y-oftalmologia-vissum-grupo-miranza-fomenta-el-diagnostico-precoz-de-problemas-visuales-en-este-colectivo\/"},"author":{"name":"Equipo Miranza","@id":"https:\/\/miranza.es\/en\/#\/schema\/person\/e01c042f39bcd4da7bc9b77d6e23bf76"},"headline":"Down syndrome and ophthalmology: Vissum Grupo Miranza promotes early diagnosis of eye problems in these patients","datePublished":"2021-01-21T12:40:02+00:00","dateModified":"2024-02-06T08:07:08+00:00","mainEntityOfPage":{"@id":"https:\/\/miranza.es\/en\/news\/sindrome-de-down-y-oftalmologia-vissum-grupo-miranza-fomenta-el-diagnostico-precoz-de-problemas-visuales-en-este-colectivo\/"},"wordCount":517,"publisher":{"@id":"https:\/\/miranza.es\/en\/#organization"},"image":{"@id":"https:\/\/miranza.es\/en\/news\/sindrome-de-down-y-oftalmologia-vissum-grupo-miranza-fomenta-el-diagnostico-precoz-de-problemas-visuales-en-este-colectivo\/#primaryimage"},"thumbnailUrl":"https:\/\/miranza.es\/wp-content\/uploads\/2021\/01\/IMG-20210121-WA0000.jpg","keywords":["Iniciativas"],"articleSection":["News"],"inLanguage":"en-US"},{"@type":"WebPage","@id":"https:\/\/miranza.es\/en\/news\/sindrome-de-down-y-oftalmologia-vissum-grupo-miranza-fomenta-el-diagnostico-precoz-de-problemas-visuales-en-este-colectivo\/","url":"https:\/\/miranza.es\/en\/news\/sindrome-de-down-y-oftalmologia-vissum-grupo-miranza-fomenta-el-diagnostico-precoz-de-problemas-visuales-en-este-colectivo\/","name":"Estudio del S\u00edndrome de Down y oftalmolog\u00eda | Miranza","isPartOf":{"@id":"https:\/\/miranza.es\/en\/#website"},"primaryImageOfPage":{"@id":"https:\/\/miranza.es\/en\/news\/sindrome-de-down-y-oftalmologia-vissum-grupo-miranza-fomenta-el-diagnostico-precoz-de-problemas-visuales-en-este-colectivo\/#primaryimage"},"image":{"@id":"https:\/\/miranza.es\/en\/news\/sindrome-de-down-y-oftalmologia-vissum-grupo-miranza-fomenta-el-diagnostico-precoz-de-problemas-visuales-en-este-colectivo\/#primaryimage"},"thumbnailUrl":"https:\/\/miranza.es\/wp-content\/uploads\/2021\/01\/IMG-20210121-WA0000.jpg","datePublished":"2021-01-21T12:40:02+00:00","dateModified":"2024-02-06T08:07:08+00:00","description":"Descubre la labor \u00a0de Vissum Grupo Miranza en la atenci\u00f3n y el estudio de los pacientes de oftalmolog\u00eda con s\u00edndrome de Down. Las afecciones m\u00e1s comunes.","breadcrumb":{"@id":"https:\/\/miranza.es\/en\/news\/sindrome-de-down-y-oftalmologia-vissum-grupo-miranza-fomenta-el-diagnostico-precoz-de-problemas-visuales-en-este-colectivo\/#breadcrumb"},"inLanguage":"en-US","potentialAction":[{"@type":"ReadAction","target":["https:\/\/miranza.es\/en\/news\/sindrome-de-down-y-oftalmologia-vissum-grupo-miranza-fomenta-el-diagnostico-precoz-de-problemas-visuales-en-este-colectivo\/"]}]},{"@type":"ImageObject","inLanguage":"en-US","@id":"https:\/\/miranza.es\/en\/news\/sindrome-de-down-y-oftalmologia-vissum-grupo-miranza-fomenta-el-diagnostico-precoz-de-problemas-visuales-en-este-colectivo\/#primaryimage","url":"https:\/\/miranza.es\/wp-content\/uploads\/2021\/01\/IMG-20210121-WA0000.jpg","contentUrl":"https:\/\/miranza.es\/wp-content\/uploads\/2021\/01\/IMG-20210121-WA0000.jpg","width":1024,"height":768},{"@type":"BreadcrumbList","@id":"https:\/\/miranza.es\/en\/news\/sindrome-de-down-y-oftalmologia-vissum-grupo-miranza-fomenta-el-diagnostico-precoz-de-problemas-visuales-en-este-colectivo\/#breadcrumb","itemListElement":[{"@type":"ListItem","position":1,"name":"Home","item":"https:\/\/miranza.es\/en\/"},{"@type":"ListItem","position":2,"name":"News","item":"https:\/\/miranza.es\/en\/category\/news\/"},{"@type":"ListItem","position":3,"name":"Down syndrome and ophthalmology: Vissum Grupo Miranza promotes early diagnosis of eye problems in these patients"}]},{"@type":"WebSite","@id":"https:\/\/miranza.es\/en\/#website","url":"https:\/\/miranza.es\/en\/","name":"Miranza","description":"Somos tus centros de excelencia, especialistas en bienestar ocular. Estamos a tu lado, creando nuevos horizontes para seguir viendo.","publisher":{"@id":"https:\/\/miranza.es\/en\/#organization"},"potentialAction":[{"@type":"SearchAction","target":{"@type":"EntryPoint","urlTemplate":"https:\/\/miranza.es\/en\/?s={search_term_string}"},"query-input":{"@type":"PropertyValueSpecification","valueRequired":true,"valueName":"search_term_string"}}],"inLanguage":"en-US"},{"@type":"Organization","@id":"https:\/\/miranza.es\/en\/#organization","name":"Miranza","url":"https:\/\/miranza.es\/en\/","logo":{"@type":"ImageObject","inLanguage":"en-US","@id":"https:\/\/miranza.es\/en\/#\/schema\/logo\/image\/","url":"https:\/\/miranza.es\/wp-content\/uploads\/2024\/04\/logo-miranza.jpg","contentUrl":"https:\/\/miranza.es\/wp-content\/uploads\/2024\/04\/logo-miranza.jpg","width":600,"height":600,"caption":"Miranza"},"image":{"@id":"https:\/\/miranza.es\/en\/#\/schema\/logo\/image\/"},"sameAs":["https:\/\/www.facebook.com\/GrupoMiranza\/","https:\/\/x.com\/GrupoMiranza","https:\/\/www.instagram.com\/grupomiranza\/","https:\/\/www.linkedin.com\/company\/grupomiranza","https:\/\/www.youtube.com\/channel\/UCX2gEI-gOFCbPHZ7QSTkLYQ\/featured"]},{"@type":"Person","@id":"https:\/\/miranza.es\/en\/#\/schema\/person\/e01c042f39bcd4da7bc9b77d6e23bf76","name":"Equipo Miranza","image":{"@type":"ImageObject","inLanguage":"en-US","@id":"https:\/\/secure.gravatar.com\/avatar\/319e67a2c600de84615e0fdb3468ed425da29acb11edd895911d6403cf2975fd?s=96&d=mm&r=g","url":"https:\/\/secure.gravatar.com\/avatar\/319e67a2c600de84615e0fdb3468ed425da29acb11edd895911d6403cf2975fd?s=96&d=mm&r=g","contentUrl":"https:\/\/secure.gravatar.com\/avatar\/319e67a2c600de84615e0fdb3468ed425da29acb11edd895911d6403cf2975fd?s=96&d=mm&r=g","caption":"Equipo Miranza"}}]}},"_links":{"self":[{"href":"https:\/\/miranza.es\/en\/wp-json\/wp\/v2\/posts\/119170","targetHints":{"allow":["GET"]}}],"collection":[{"href":"https:\/\/miranza.es\/en\/wp-json\/wp\/v2\/posts"}],"about":[{"href":"https:\/\/miranza.es\/en\/wp-json\/wp\/v2\/types\/post"}],"author":[{"embeddable":true,"href":"https:\/\/miranza.es\/en\/wp-json\/wp\/v2\/users\/1"}],"replies":[{"embeddable":true,"href":"https:\/\/miranza.es\/en\/wp-json\/wp\/v2\/comments?post=119170"}],"version-history":[{"count":2,"href":"https:\/\/miranza.es\/en\/wp-json\/wp\/v2\/posts\/119170\/revisions"}],"predecessor-version":[{"id":119678,"href":"https:\/\/miranza.es\/en\/wp-json\/wp\/v2\/posts\/119170\/revisions\/119678"}],"wp:featuredmedia":[{"embeddable":true,"href":"https:\/\/miranza.es\/en\/wp-json\/wp\/v2\/media\/9740"}],"wp:attachment":[{"href":"https:\/\/miranza.es\/en\/wp-json\/wp\/v2\/media?parent=119170"}],"wp:term":[{"taxonomy":"category","embeddable":true,"href":"https:\/\/miranza.es\/en\/wp-json\/wp\/v2\/categories?post=119170"},{"taxonomy":"post_tag","embeddable":true,"href":"https:\/\/miranza.es\/en\/wp-json\/wp\/v2\/tags?post=119170"}],"curies":[{"name":"wp","href":"https:\/\/api.w.org\/{rel}","templated":true}]}}