{"id":118465,"date":"2024-01-25T08:14:10","date_gmt":"2024-01-25T07:14:10","guid":{"rendered":"https:\/\/miranza.es\/uncategorized\/miranza-llega-galicia-instituto-oftalmologico-gomez-ulla\/"},"modified":"2024-01-30T09:40:44","modified_gmt":"2024-01-30T08:40:44","slug":"miranza-llega-galicia-instituto-oftalmologico-gomez-ulla","status":"publish","type":"post","link":"https:\/\/miranza.es\/en\/news\/miranza-llega-galicia-instituto-oftalmologico-gomez-ulla\/","title":{"rendered":"We are opening a branch in Galicia thanks to Instituto Oftalmol\u00f3gico G\u00f3mez-Ulla"},"content":{"rendered":"\n<p><a href=\"https:\/\/miranza.es\/en\/\">Miranza<\/a> continues to grow in 2024 with the incorporation of Instituto Oftalmol\u00f3gico G\u00f3mez-Ulla, our first clinic in Galicia. Thus, the new centre becomes the twenty-fourth clinic of the Group, which totals 36&nbsp;Miranza centres in Spain and Andorra, taking into account the 12&nbsp;outpatient clinics operating as satellites of some of these clinics.<\/p>\n\n\n\n<p>The new clinic, located in Santiago de Compostela, boasts 40\u00a0years of experience in the prevention, diagnosis and treatment of eye diseases, and has a gained its renown as a benchmark in ophthalmology on a national and international level thanks to the work carried out over the years by its founder and medical director,\u00a0<strong><a href=\"https:\/\/miranza.es\/en\/our-team\/ophthalmological-specialists\/francisco-gomez-ulla\/\" target=\"_blank\" rel=\"noreferrer noopener\">Prof. Francisco G\u00f3mez-Ulla<\/a>, <\/strong>a specialist in retina and vitreoretinal surgery, as well as in cataract, presbyopia and refractive surgery.<\/p>\n\n\n\n<p>The new <strong><a href=\"https:\/\/miranza.es\/nuestras-clinicas\/miranza-instituto-gomez-ulla\/\" target=\"_blank\" rel=\"noreferrer noopener\">Miranza Instituto G\u00f3mez-Ulla<\/a><\/strong> centre features a team of 10&nbsp;renowned ophthalmologists and 20&nbsp;additional professionals, including optometrists, nurses, assistants and administrative staff. It is also noteworthy for its 2,400-square metre facilities, which house 15&nbsp;dedicated units according to the disease, 5&nbsp;waiting rooms, including one exclusively for children, 22&nbsp;examination rooms, a surgical area with two operating theatres and recovery rooms, an R&amp;D&amp;I unit and free private parking for patients.<\/p>\n\n\n\n<figure class=\"wp-block-image size-large\"><img loading=\"lazy\" decoding=\"async\" width=\"1024\" height=\"683\" src=\"https:\/\/miranza.es\/wp-content\/uploads\/2024\/01\/fachada-con-sol_Retoc-1024x683.jpg\" alt=\"\" class=\"wp-image-117825\" srcset=\"https:\/\/miranza.es\/wp-content\/uploads\/2024\/01\/fachada-con-sol_Retoc-1024x683.jpg 1024w, https:\/\/miranza.es\/wp-content\/uploads\/2024\/01\/fachada-con-sol_Retoc-300x200.jpg 300w, https:\/\/miranza.es\/wp-content\/uploads\/2024\/01\/fachada-con-sol_Retoc-768x512.jpg 768w, https:\/\/miranza.es\/wp-content\/uploads\/2024\/01\/fachada-con-sol_Retoc-1536x1024.jpg 1536w, https:\/\/miranza.es\/wp-content\/uploads\/2024\/01\/fachada-con-sol_Retoc-2048x1365.jpg 2048w\" sizes=\"auto, (max-width: 1024px) 100vw, 1024px\" \/><\/figure>\n\n\n\n<p>With this addition, we aim to offer outstanding eye care to Galician people. General manager, <strong>Ram\u00f3n<\/strong> <strong>Berra<\/strong>, says: &#8220;Our Group boasts most of the leading ophthalmology centres in Spain, which provides us with a clinical leadership, great experience and expertise, which we are now extending to Galicia, a region in which we were not yet present, with the help of a renowned centre as well as an authority in ophthalmology, such as Prof. Francisco G\u00f3mez-Ulla.&#8221;<\/p>\n\n\n\n<p>According to the medical director of <strong>Miranza Instituto G\u00f3mez-Ulla<\/strong>, &#8220;the integration in Miranza will allow us to promote innovation and research at the centre through a cohesive and innovative network, which is committed to clinical and surgical excellence and focused especially on providing the best treatment to patients&#8221;.<\/p>\n","protected":false},"excerpt":{"rendered":"<p>Miranza continues to grow in 2024 with the incorporation of Instituto Oftalmol\u00f3gico G\u00f3mez-Ulla, our first clinic in Galicia. Thus, the new centre becomes the twenty-fourth clinic of the Group, which totals 36&nbsp;Miranza centres in Spain and Andorra, taking into account the 12&nbsp;outpatient clinics operating as satellites of some of these clinics. The new clinic, located [&hellip;]<\/p>\n","protected":false},"author":2,"featured_media":117829,"comment_status":"closed","ping_status":"closed","sticky":false,"template":"","format":"standard","meta":{"_acf_changed":false,"inline_featured_image":false,"footnotes":""},"categories":[4],"tags":[],"class_list":["post-118465","post","type-post","status-publish","format-standard","has-post-thumbnail","hentry","category-news"],"acf":[],"yoast_head":"<!-- This site is optimized with the Yoast SEO plugin v27.3 - https:\/\/yoast.com\/product\/yoast-seo-wordpress\/ -->\n<title>Miranza llega a Galicia con el Instituto Oftalmol\u00f3gico G\u00f3mez-Ulla - Miranza<\/title>\n<meta name=\"description\" content=\"Descubre la nueva cl\u00ednica oftalmol\u00f3gica Miranza en Santiago de Compostela con 40 a\u00f1os de excelencia en prevenci\u00f3n, diagn\u00f3stico y tratamiento de enfermedades oculares. Dirigida por el Prof. Francisco G\u00f3mez-Ulla, experto reconocido a nivel nacional e internacional.\" \/>\n<meta name=\"robots\" content=\"index, follow, max-snippet:-1, max-image-preview:large, max-video-preview:-1\" \/>\n<link rel=\"canonical\" href=\"https:\/\/miranza.es\/en\/news\/miranza-llega-galicia-instituto-oftalmologico-gomez-ulla\/\" \/>\n<meta property=\"og:locale\" content=\"en_US\" \/>\n<meta property=\"og:type\" content=\"article\" \/>\n<meta property=\"og:title\" content=\"Miranza llega a Galicia con el Instituto Oftalmol\u00f3gico G\u00f3mez-Ulla - Miranza\" \/>\n<meta property=\"og:description\" content=\"Descubre la nueva cl\u00ednica oftalmol\u00f3gica Miranza en Santiago de Compostela con 40 a\u00f1os de excelencia en prevenci\u00f3n, diagn\u00f3stico y tratamiento de enfermedades oculares. Dirigida por el Prof. Francisco G\u00f3mez-Ulla, experto reconocido a nivel nacional e internacional.\" \/>\n<meta property=\"og:url\" content=\"https:\/\/miranza.es\/en\/news\/miranza-llega-galicia-instituto-oftalmologico-gomez-ulla\/\" \/>\n<meta property=\"og:site_name\" content=\"Miranza\" \/>\n<meta property=\"article:publisher\" content=\"https:\/\/www.facebook.com\/GrupoMiranza\/\" \/>\n<meta property=\"article:published_time\" content=\"2024-01-25T07:14:10+00:00\" \/>\n<meta property=\"article:modified_time\" content=\"2024-01-30T08:40:44+00:00\" \/>\n<meta property=\"og:image\" content=\"https:\/\/miranza.es\/wp-content\/uploads\/2024\/01\/Adquisicion-IGU.jpeg\" \/>\n\t<meta property=\"og:image:width\" content=\"1175\" \/>\n\t<meta property=\"og:image:height\" content=\"985\" \/>\n\t<meta property=\"og:image:type\" content=\"image\/jpeg\" \/>\n<meta name=\"author\" content=\"Equipo Miranza\" \/>\n<meta name=\"twitter:card\" content=\"summary_large_image\" \/>\n<meta name=\"twitter:creator\" content=\"@GrupoMiranza\" \/>\n<meta name=\"twitter:site\" content=\"@GrupoMiranza\" \/>\n<meta name=\"twitter:label1\" content=\"Written by\" \/>\n\t<meta name=\"twitter:data1\" content=\"Equipo Miranza\" \/>\n\t<meta name=\"twitter:label2\" content=\"Est. reading time\" \/>\n\t<meta name=\"twitter:data2\" content=\"2 minutes\" \/>\n<script type=\"application\/ld+json\" class=\"yoast-schema-graph\">{\"@context\":\"https:\\\/\\\/schema.org\",\"@graph\":[{\"@type\":\"Article\",\"@id\":\"https:\\\/\\\/miranza.es\\\/en\\\/news\\\/miranza-llega-galicia-instituto-oftalmologico-gomez-ulla\\\/#article\",\"isPartOf\":{\"@id\":\"https:\\\/\\\/miranza.es\\\/en\\\/news\\\/miranza-llega-galicia-instituto-oftalmologico-gomez-ulla\\\/\"},\"author\":{\"name\":\"Equipo Miranza\",\"@id\":\"https:\\\/\\\/miranza.es\\\/en\\\/#\\\/schema\\\/person\\\/02e27960188bfdfdbf8fe86a4b2d614c\"},\"headline\":\"We are opening a branch in Galicia thanks to Instituto Oftalmol\u00f3gico G\u00f3mez-Ulla\",\"datePublished\":\"2024-01-25T07:14:10+00:00\",\"dateModified\":\"2024-01-30T08:40:44+00:00\",\"mainEntityOfPage\":{\"@id\":\"https:\\\/\\\/miranza.es\\\/en\\\/news\\\/miranza-llega-galicia-instituto-oftalmologico-gomez-ulla\\\/\"},\"wordCount\":344,\"publisher\":{\"@id\":\"https:\\\/\\\/miranza.es\\\/en\\\/#organization\"},\"image\":{\"@id\":\"https:\\\/\\\/miranza.es\\\/en\\\/news\\\/miranza-llega-galicia-instituto-oftalmologico-gomez-ulla\\\/#primaryimage\"},\"thumbnailUrl\":\"https:\\\/\\\/miranza.es\\\/wp-content\\\/uploads\\\/2024\\\/01\\\/Adquisicion-IGU.jpeg\",\"articleSection\":[\"News\"],\"inLanguage\":\"en-US\"},{\"@type\":\"WebPage\",\"@id\":\"https:\\\/\\\/miranza.es\\\/en\\\/news\\\/miranza-llega-galicia-instituto-oftalmologico-gomez-ulla\\\/\",\"url\":\"https:\\\/\\\/miranza.es\\\/en\\\/news\\\/miranza-llega-galicia-instituto-oftalmologico-gomez-ulla\\\/\",\"name\":\"Miranza llega a Galicia con el Instituto Oftalmol\u00f3gico G\u00f3mez-Ulla - Miranza\",\"isPartOf\":{\"@id\":\"https:\\\/\\\/miranza.es\\\/en\\\/#website\"},\"primaryImageOfPage\":{\"@id\":\"https:\\\/\\\/miranza.es\\\/en\\\/news\\\/miranza-llega-galicia-instituto-oftalmologico-gomez-ulla\\\/#primaryimage\"},\"image\":{\"@id\":\"https:\\\/\\\/miranza.es\\\/en\\\/news\\\/miranza-llega-galicia-instituto-oftalmologico-gomez-ulla\\\/#primaryimage\"},\"thumbnailUrl\":\"https:\\\/\\\/miranza.es\\\/wp-content\\\/uploads\\\/2024\\\/01\\\/Adquisicion-IGU.jpeg\",\"datePublished\":\"2024-01-25T07:14:10+00:00\",\"dateModified\":\"2024-01-30T08:40:44+00:00\",\"description\":\"Descubre la nueva cl\u00ednica oftalmol\u00f3gica Miranza en Santiago de Compostela con 40 a\u00f1os de excelencia en prevenci\u00f3n, diagn\u00f3stico y tratamiento de enfermedades oculares. Dirigida por el Prof. Francisco G\u00f3mez-Ulla, experto reconocido a nivel nacional e internacional.\",\"breadcrumb\":{\"@id\":\"https:\\\/\\\/miranza.es\\\/en\\\/news\\\/miranza-llega-galicia-instituto-oftalmologico-gomez-ulla\\\/#breadcrumb\"},\"inLanguage\":\"en-US\",\"potentialAction\":[{\"@type\":\"ReadAction\",\"target\":[\"https:\\\/\\\/miranza.es\\\/en\\\/news\\\/miranza-llega-galicia-instituto-oftalmologico-gomez-ulla\\\/\"]}]},{\"@type\":\"ImageObject\",\"inLanguage\":\"en-US\",\"@id\":\"https:\\\/\\\/miranza.es\\\/en\\\/news\\\/miranza-llega-galicia-instituto-oftalmologico-gomez-ulla\\\/#primaryimage\",\"url\":\"https:\\\/\\\/miranza.es\\\/wp-content\\\/uploads\\\/2024\\\/01\\\/Adquisicion-IGU.jpeg\",\"contentUrl\":\"https:\\\/\\\/miranza.es\\\/wp-content\\\/uploads\\\/2024\\\/01\\\/Adquisicion-IGU.jpeg\",\"width\":1175,\"height\":985,\"caption\":\"Miranza llega a galicia\"},{\"@type\":\"BreadcrumbList\",\"@id\":\"https:\\\/\\\/miranza.es\\\/en\\\/news\\\/miranza-llega-galicia-instituto-oftalmologico-gomez-ulla\\\/#breadcrumb\",\"itemListElement\":[{\"@type\":\"ListItem\",\"position\":1,\"name\":\"Home\",\"item\":\"https:\\\/\\\/miranza.es\\\/en\\\/\"},{\"@type\":\"ListItem\",\"position\":2,\"name\":\"News\",\"item\":\"https:\\\/\\\/miranza.es\\\/en\\\/category\\\/news\\\/\"},{\"@type\":\"ListItem\",\"position\":3,\"name\":\"We are opening a branch in Galicia thanks to Instituto Oftalmol\u00f3gico G\u00f3mez-Ulla\"}]},{\"@type\":\"WebSite\",\"@id\":\"https:\\\/\\\/miranza.es\\\/en\\\/#website\",\"url\":\"https:\\\/\\\/miranza.es\\\/en\\\/\",\"name\":\"Miranza\",\"description\":\"Somos tus centros de excelencia, especialistas en bienestar ocular. Estamos a tu lado, creando nuevos horizontes para seguir viendo.\",\"publisher\":{\"@id\":\"https:\\\/\\\/miranza.es\\\/en\\\/#organization\"},\"potentialAction\":[{\"@type\":\"SearchAction\",\"target\":{\"@type\":\"EntryPoint\",\"urlTemplate\":\"https:\\\/\\\/miranza.es\\\/en\\\/?s={search_term_string}\"},\"query-input\":{\"@type\":\"PropertyValueSpecification\",\"valueRequired\":true,\"valueName\":\"search_term_string\"}}],\"inLanguage\":\"en-US\"},{\"@type\":\"Organization\",\"@id\":\"https:\\\/\\\/miranza.es\\\/en\\\/#organization\",\"name\":\"Miranza\",\"url\":\"https:\\\/\\\/miranza.es\\\/en\\\/\",\"logo\":{\"@type\":\"ImageObject\",\"inLanguage\":\"en-US\",\"@id\":\"https:\\\/\\\/miranza.es\\\/en\\\/#\\\/schema\\\/logo\\\/image\\\/\",\"url\":\"https:\\\/\\\/miranza.es\\\/wp-content\\\/uploads\\\/2024\\\/04\\\/logo-miranza.jpg\",\"contentUrl\":\"https:\\\/\\\/miranza.es\\\/wp-content\\\/uploads\\\/2024\\\/04\\\/logo-miranza.jpg\",\"width\":600,\"height\":600,\"caption\":\"Miranza\"},\"image\":{\"@id\":\"https:\\\/\\\/miranza.es\\\/en\\\/#\\\/schema\\\/logo\\\/image\\\/\"},\"sameAs\":[\"https:\\\/\\\/www.facebook.com\\\/GrupoMiranza\\\/\",\"https:\\\/\\\/x.com\\\/GrupoMiranza\",\"https:\\\/\\\/www.instagram.com\\\/grupomiranza\\\/\",\"https:\\\/\\\/www.linkedin.com\\\/company\\\/grupomiranza\",\"https:\\\/\\\/www.youtube.com\\\/channel\\\/UCX2gEI-gOFCbPHZ7QSTkLYQ\\\/featured\"]},{\"@type\":\"Person\",\"@id\":\"https:\\\/\\\/miranza.es\\\/en\\\/#\\\/schema\\\/person\\\/02e27960188bfdfdbf8fe86a4b2d614c\",\"name\":\"Equipo Miranza\",\"image\":{\"@type\":\"ImageObject\",\"inLanguage\":\"en-US\",\"@id\":\"https:\\\/\\\/secure.gravatar.com\\\/avatar\\\/b3705106e33a09d25c2a1287ba75454e9e0551b39318196477bffb079cbf7acf?s=96&d=mm&r=g\",\"url\":\"https:\\\/\\\/secure.gravatar.com\\\/avatar\\\/b3705106e33a09d25c2a1287ba75454e9e0551b39318196477bffb079cbf7acf?s=96&d=mm&r=g\",\"contentUrl\":\"https:\\\/\\\/secure.gravatar.com\\\/avatar\\\/b3705106e33a09d25c2a1287ba75454e9e0551b39318196477bffb079cbf7acf?s=96&d=mm&r=g\",\"caption\":\"Equipo Miranza\"}}]}<\/script>\n<!-- \/ Yoast SEO plugin. -->","yoast_head_json":{"title":"Miranza llega a Galicia con el Instituto Oftalmol\u00f3gico G\u00f3mez-Ulla - Miranza","description":"Descubre la nueva cl\u00ednica oftalmol\u00f3gica Miranza en Santiago de Compostela con 40 a\u00f1os de excelencia en prevenci\u00f3n, diagn\u00f3stico y tratamiento de enfermedades oculares. Dirigida por el Prof. Francisco G\u00f3mez-Ulla, experto reconocido a nivel nacional e internacional.","robots":{"index":"index","follow":"follow","max-snippet":"max-snippet:-1","max-image-preview":"max-image-preview:large","max-video-preview":"max-video-preview:-1"},"canonical":"https:\/\/miranza.es\/en\/news\/miranza-llega-galicia-instituto-oftalmologico-gomez-ulla\/","og_locale":"en_US","og_type":"article","og_title":"Miranza llega a Galicia con el Instituto Oftalmol\u00f3gico G\u00f3mez-Ulla - Miranza","og_description":"Descubre la nueva cl\u00ednica oftalmol\u00f3gica Miranza en Santiago de Compostela con 40 a\u00f1os de excelencia en prevenci\u00f3n, diagn\u00f3stico y tratamiento de enfermedades oculares. Dirigida por el Prof. Francisco G\u00f3mez-Ulla, experto reconocido a nivel nacional e internacional.","og_url":"https:\/\/miranza.es\/en\/news\/miranza-llega-galicia-instituto-oftalmologico-gomez-ulla\/","og_site_name":"Miranza","article_publisher":"https:\/\/www.facebook.com\/GrupoMiranza\/","article_published_time":"2024-01-25T07:14:10+00:00","article_modified_time":"2024-01-30T08:40:44+00:00","og_image":[{"width":1175,"height":985,"url":"https:\/\/miranza.es\/wp-content\/uploads\/2024\/01\/Adquisicion-IGU.jpeg","type":"image\/jpeg"}],"author":"Equipo Miranza","twitter_card":"summary_large_image","twitter_creator":"@GrupoMiranza","twitter_site":"@GrupoMiranza","twitter_misc":{"Written by":"Equipo Miranza","Est. reading time":"2 minutes"},"schema":{"@context":"https:\/\/schema.org","@graph":[{"@type":"Article","@id":"https:\/\/miranza.es\/en\/news\/miranza-llega-galicia-instituto-oftalmologico-gomez-ulla\/#article","isPartOf":{"@id":"https:\/\/miranza.es\/en\/news\/miranza-llega-galicia-instituto-oftalmologico-gomez-ulla\/"},"author":{"name":"Equipo Miranza","@id":"https:\/\/miranza.es\/en\/#\/schema\/person\/02e27960188bfdfdbf8fe86a4b2d614c"},"headline":"We are opening a branch in Galicia thanks to Instituto Oftalmol\u00f3gico G\u00f3mez-Ulla","datePublished":"2024-01-25T07:14:10+00:00","dateModified":"2024-01-30T08:40:44+00:00","mainEntityOfPage":{"@id":"https:\/\/miranza.es\/en\/news\/miranza-llega-galicia-instituto-oftalmologico-gomez-ulla\/"},"wordCount":344,"publisher":{"@id":"https:\/\/miranza.es\/en\/#organization"},"image":{"@id":"https:\/\/miranza.es\/en\/news\/miranza-llega-galicia-instituto-oftalmologico-gomez-ulla\/#primaryimage"},"thumbnailUrl":"https:\/\/miranza.es\/wp-content\/uploads\/2024\/01\/Adquisicion-IGU.jpeg","articleSection":["News"],"inLanguage":"en-US"},{"@type":"WebPage","@id":"https:\/\/miranza.es\/en\/news\/miranza-llega-galicia-instituto-oftalmologico-gomez-ulla\/","url":"https:\/\/miranza.es\/en\/news\/miranza-llega-galicia-instituto-oftalmologico-gomez-ulla\/","name":"Miranza llega a Galicia con el Instituto Oftalmol\u00f3gico G\u00f3mez-Ulla - Miranza","isPartOf":{"@id":"https:\/\/miranza.es\/en\/#website"},"primaryImageOfPage":{"@id":"https:\/\/miranza.es\/en\/news\/miranza-llega-galicia-instituto-oftalmologico-gomez-ulla\/#primaryimage"},"image":{"@id":"https:\/\/miranza.es\/en\/news\/miranza-llega-galicia-instituto-oftalmologico-gomez-ulla\/#primaryimage"},"thumbnailUrl":"https:\/\/miranza.es\/wp-content\/uploads\/2024\/01\/Adquisicion-IGU.jpeg","datePublished":"2024-01-25T07:14:10+00:00","dateModified":"2024-01-30T08:40:44+00:00","description":"Descubre la nueva cl\u00ednica oftalmol\u00f3gica Miranza en Santiago de Compostela con 40 a\u00f1os de excelencia en prevenci\u00f3n, diagn\u00f3stico y tratamiento de enfermedades oculares. Dirigida por el Prof. Francisco G\u00f3mez-Ulla, experto reconocido a nivel nacional e internacional.","breadcrumb":{"@id":"https:\/\/miranza.es\/en\/news\/miranza-llega-galicia-instituto-oftalmologico-gomez-ulla\/#breadcrumb"},"inLanguage":"en-US","potentialAction":[{"@type":"ReadAction","target":["https:\/\/miranza.es\/en\/news\/miranza-llega-galicia-instituto-oftalmologico-gomez-ulla\/"]}]},{"@type":"ImageObject","inLanguage":"en-US","@id":"https:\/\/miranza.es\/en\/news\/miranza-llega-galicia-instituto-oftalmologico-gomez-ulla\/#primaryimage","url":"https:\/\/miranza.es\/wp-content\/uploads\/2024\/01\/Adquisicion-IGU.jpeg","contentUrl":"https:\/\/miranza.es\/wp-content\/uploads\/2024\/01\/Adquisicion-IGU.jpeg","width":1175,"height":985,"caption":"Miranza llega a galicia"},{"@type":"BreadcrumbList","@id":"https:\/\/miranza.es\/en\/news\/miranza-llega-galicia-instituto-oftalmologico-gomez-ulla\/#breadcrumb","itemListElement":[{"@type":"ListItem","position":1,"name":"Home","item":"https:\/\/miranza.es\/en\/"},{"@type":"ListItem","position":2,"name":"News","item":"https:\/\/miranza.es\/en\/category\/news\/"},{"@type":"ListItem","position":3,"name":"We are opening a branch in Galicia thanks to Instituto Oftalmol\u00f3gico G\u00f3mez-Ulla"}]},{"@type":"WebSite","@id":"https:\/\/miranza.es\/en\/#website","url":"https:\/\/miranza.es\/en\/","name":"Miranza","description":"Somos tus centros de excelencia, especialistas en bienestar ocular. Estamos a tu lado, creando nuevos horizontes para seguir viendo.","publisher":{"@id":"https:\/\/miranza.es\/en\/#organization"},"potentialAction":[{"@type":"SearchAction","target":{"@type":"EntryPoint","urlTemplate":"https:\/\/miranza.es\/en\/?s={search_term_string}"},"query-input":{"@type":"PropertyValueSpecification","valueRequired":true,"valueName":"search_term_string"}}],"inLanguage":"en-US"},{"@type":"Organization","@id":"https:\/\/miranza.es\/en\/#organization","name":"Miranza","url":"https:\/\/miranza.es\/en\/","logo":{"@type":"ImageObject","inLanguage":"en-US","@id":"https:\/\/miranza.es\/en\/#\/schema\/logo\/image\/","url":"https:\/\/miranza.es\/wp-content\/uploads\/2024\/04\/logo-miranza.jpg","contentUrl":"https:\/\/miranza.es\/wp-content\/uploads\/2024\/04\/logo-miranza.jpg","width":600,"height":600,"caption":"Miranza"},"image":{"@id":"https:\/\/miranza.es\/en\/#\/schema\/logo\/image\/"},"sameAs":["https:\/\/www.facebook.com\/GrupoMiranza\/","https:\/\/x.com\/GrupoMiranza","https:\/\/www.instagram.com\/grupomiranza\/","https:\/\/www.linkedin.com\/company\/grupomiranza","https:\/\/www.youtube.com\/channel\/UCX2gEI-gOFCbPHZ7QSTkLYQ\/featured"]},{"@type":"Person","@id":"https:\/\/miranza.es\/en\/#\/schema\/person\/02e27960188bfdfdbf8fe86a4b2d614c","name":"Equipo Miranza","image":{"@type":"ImageObject","inLanguage":"en-US","@id":"https:\/\/secure.gravatar.com\/avatar\/b3705106e33a09d25c2a1287ba75454e9e0551b39318196477bffb079cbf7acf?s=96&d=mm&r=g","url":"https:\/\/secure.gravatar.com\/avatar\/b3705106e33a09d25c2a1287ba75454e9e0551b39318196477bffb079cbf7acf?s=96&d=mm&r=g","contentUrl":"https:\/\/secure.gravatar.com\/avatar\/b3705106e33a09d25c2a1287ba75454e9e0551b39318196477bffb079cbf7acf?s=96&d=mm&r=g","caption":"Equipo Miranza"}}]}},"_links":{"self":[{"href":"https:\/\/miranza.es\/en\/wp-json\/wp\/v2\/posts\/118465","targetHints":{"allow":["GET"]}}],"collection":[{"href":"https:\/\/miranza.es\/en\/wp-json\/wp\/v2\/posts"}],"about":[{"href":"https:\/\/miranza.es\/en\/wp-json\/wp\/v2\/types\/post"}],"author":[{"embeddable":true,"href":"https:\/\/miranza.es\/en\/wp-json\/wp\/v2\/users\/2"}],"replies":[{"embeddable":true,"href":"https:\/\/miranza.es\/en\/wp-json\/wp\/v2\/comments?post=118465"}],"version-history":[{"count":3,"href":"https:\/\/miranza.es\/en\/wp-json\/wp\/v2\/posts\/118465\/revisions"}],"predecessor-version":[{"id":118605,"href":"https:\/\/miranza.es\/en\/wp-json\/wp\/v2\/posts\/118465\/revisions\/118605"}],"wp:featuredmedia":[{"embeddable":true,"href":"https:\/\/miranza.es\/en\/wp-json\/wp\/v2\/media\/117829"}],"wp:attachment":[{"href":"https:\/\/miranza.es\/en\/wp-json\/wp\/v2\/media?parent=118465"}],"wp:term":[{"taxonomy":"category","embeddable":true,"href":"https:\/\/miranza.es\/en\/wp-json\/wp\/v2\/categories?post=118465"},{"taxonomy":"post_tag","embeddable":true,"href":"https:\/\/miranza.es\/en\/wp-json\/wp\/v2\/tags?post=118465"}],"curies":[{"name":"wp","href":"https:\/\/api.w.org\/{rel}","templated":true}]}}