{"id":11589,"date":"2021-03-11T18:32:32","date_gmt":"2021-03-11T16:32:32","guid":{"rendered":"https:\/\/miranza.es\/?p=11589"},"modified":"2021-08-24T10:28:49","modified_gmt":"2021-08-24T08:28:49","slug":"imo-grupo-miranza-makes-the-leap-to-madrid","status":"publish","type":"post","link":"https:\/\/miranza.es\/en\/news\/imo-grupo-miranza-makes-the-leap-to-madrid\/","title":{"rendered":"IMO Grupo Miranza makes the leap to Madrid"},"content":{"rendered":"\n<figure class=\"wp-block-embed is-type-video is-provider-youtube wp-block-embed-youtube wp-embed-aspect-16-9 wp-has-aspect-ratio\"><div class=\"wp-block-embed__wrapper\">\nhttps:\/\/youtu.be\/vK5kA7Pkcjs\n<\/div><\/figure>\n\n\n\n<h2 class=\"wp-block-heading\">The Barcelona ophthalmology clinic kicked off in Madrid based on 30 years of experience<\/h2>\n\n\n\n<p><a href=\"https:\/\/www.imo.es\/en\"><strong>IMO Grupo Miranza<\/strong><\/a><strong>, <\/strong>a <strong>benchmark in European ophthalmology<\/strong>, has decided to take a crucial step in its track record of 30 years by starting its activity in Madrid. Together with our group, which was founded to lead excellence in ophthalmology, the Barcelona institute is now reaching out to the more than 3,000 patients from the Madrid region who usually travel to Barcelona to see their specialists or get their treatment.&nbsp;<\/p>\n\n\n\n<p>As of 23 November2021, these specialists will make up the bulk of the medical team at the Madrid Clinic, thus combining their activity in both cities.<\/p>\n\n\n\n<p>According to Ram\u00f3n Berra, CEO of Miranza, \u201csetting up the IMO in Madrid will mark a turning point in the ophthalmology sector in Spain, as the specialist clinic with the best reputation in our country and in Europe lands in central Spain, complementing the care we offer in the capital through the Miranza IOA and Miranza Ophthalteam clinics.\u201d<\/p>\n\n\n\n<h2 class=\"wp-block-heading\"><strong>IMO Grupo Miranza: medical prestige and specialised eye care&nbsp;<\/strong><\/h2>\n\n\n\n<p>For <a href=\"https:\/\/www.imo.es\/en\/borja-corcostegui\">Dr Borja Corc\u00f3stegui<\/a><strong>,<\/strong> founder and Medical Director of IMO Grupo Miranza in Barcelona, \u201claunching the IMO in Madrid has been a long-awaited project that <strong>will allow us to offer a more convenient and closer service to the people of Madrid<\/strong>, many of whom entrust their eye health to the IMO medical team, even if this has meant, until now, having to travel to get medical or surgical care.\u201d&nbsp;<\/p>\n\n\n\n<p>Dr Corc\u00f3stegui,<strong> <\/strong>one of the big names in Spanish ophthalmology, who introduced, among other advances, outpatient ophthalmic surgery and modern vitrectomy in Spain, will continue to treat retina patients in Madrid, but he has decided to support the <strong>next generations <\/strong>to take the lead of the centre, i.e. \u201cyounger ophthalmologists with a vast experience, who are the future of the clinic and of ophthalmology. \u201dThus, the medical direction of the Madrid clinic has fallen to <a href=\"https:\/\/www.imo.es\/en\/daniel-elies\"><strong>Dr Daniel Elies<\/strong><\/a><strong>, a cornea and refractive surgery specialist at the IMO<\/strong>, the clinic where he has spent most of his professional career.<\/p>\n\n\n\n<p>Alongside him, doctors such as Elena Arrondo, Jos\u00e9 Garc\u00eda-Arum\u00ed, Jos\u00e9 Luis G\u00fcell, Carlos Mateo, Ram\u00f3n Medel and Rafael Navarro, as well as Corc\u00f3stegui himself, among others, will be treating patients in the region of Madrid at <strong>the new clinic, located in Mirasierra<\/strong>, in a 5-storey building with 30 consulting rooms and 3 operating theatres equipped with cutting-edge technology and the highest standards of quality and safety for patients.<\/p>\n\n\n\n<h2 class=\"wp-block-heading\"><strong>Ready to treat you at the new IMO Grupo Miranza clinic in Madrid Mirasierra<\/strong><\/h2>\n\n\n\n<p>Dr Daniel Elies explains that \u201cin Madrid, as in Barcelona, we will continue to provide <strong>first-class medical and surgical care<\/strong> in all ophthalmological subspecialties (cataract, refractive surgery, cornea, glaucoma, oculoplastics, paediatric ophthalmology and retina). As always, we will provide our patients with all the necessary diagnostic tests, which can be performed on the same day of the visit, in order to offer them the best care, as we do in our Barcelona centre.\u201d<\/p>\n","protected":false},"excerpt":{"rendered":"<p>The Barcelona ophthalmology clinic kicked off in Madrid based on 30 years of experience IMO Grupo Miranza, a benchmark in European ophthalmology, has decided to take a crucial step in its track record of 30 years by starting its activity in Madrid. Together with our group, which was founded to lead excellence in ophthalmology, the [&hellip;]<\/p>\n","protected":false},"author":1,"featured_media":11590,"comment_status":"closed","ping_status":"closed","sticky":false,"template":"","format":"standard","meta":{"_acf_changed":false,"inline_featured_image":false,"footnotes":""},"categories":[4],"tags":[],"class_list":["post-11589","post","type-post","status-publish","format-standard","has-post-thumbnail","hentry","category-news"],"acf":[],"yoast_head":"<!-- This site is optimized with the Yoast SEO plugin v27.3 - https:\/\/yoast.com\/product\/yoast-seo-wordpress\/ -->\n<title>IMO Grupo Miranza makes the leap to Madrid - Miranza<\/title>\n<meta name=\"description\" content=\"IMO Grupo Miranza arrives to Madrid in a crucial step in its track record of 30 years. The best professionals are also in the capital city of Spain.\" \/>\n<meta name=\"robots\" content=\"index, follow, max-snippet:-1, max-image-preview:large, max-video-preview:-1\" \/>\n<link rel=\"canonical\" href=\"https:\/\/miranza.es\/en\/news\/imo-grupo-miranza-makes-the-leap-to-madrid\/\" \/>\n<meta property=\"og:locale\" content=\"en_US\" \/>\n<meta property=\"og:type\" content=\"article\" \/>\n<meta property=\"og:title\" content=\"IMO Grupo Miranza makes the leap to Madrid - Miranza\" \/>\n<meta property=\"og:description\" content=\"IMO Grupo Miranza arrives to Madrid in a crucial step in its track record of 30 years. The best professionals are also in the capital city of Spain.\" \/>\n<meta property=\"og:url\" content=\"https:\/\/miranza.es\/en\/news\/imo-grupo-miranza-makes-the-leap-to-madrid\/\" \/>\n<meta property=\"og:site_name\" content=\"Miranza\" \/>\n<meta property=\"article:publisher\" content=\"https:\/\/www.facebook.com\/GrupoMiranza\/\" \/>\n<meta property=\"article:published_time\" content=\"2021-03-11T16:32:32+00:00\" \/>\n<meta property=\"article:modified_time\" content=\"2021-08-24T08:28:49+00:00\" \/>\n<meta property=\"og:image\" content=\"https:\/\/miranza.es\/wp-content\/uploads\/2021\/03\/Miranza-Fachada-Mirasierra-3-1024x682-1.jpg\" \/>\n\t<meta property=\"og:image:width\" content=\"1024\" \/>\n\t<meta property=\"og:image:height\" content=\"682\" \/>\n\t<meta property=\"og:image:type\" content=\"image\/jpeg\" \/>\n<meta name=\"author\" content=\"Equipo Miranza\" \/>\n<meta name=\"twitter:card\" content=\"summary_large_image\" \/>\n<meta name=\"twitter:creator\" content=\"@GrupoMiranza\" \/>\n<meta name=\"twitter:site\" content=\"@GrupoMiranza\" \/>\n<meta name=\"twitter:label1\" content=\"Written by\" \/>\n\t<meta name=\"twitter:data1\" content=\"Equipo Miranza\" \/>\n\t<meta name=\"twitter:label2\" content=\"Est. reading time\" \/>\n\t<meta name=\"twitter:data2\" content=\"3 minutes\" \/>\n<script type=\"application\/ld+json\" class=\"yoast-schema-graph\">{\"@context\":\"https:\\\/\\\/schema.org\",\"@graph\":[{\"@type\":\"Article\",\"@id\":\"https:\\\/\\\/miranza.es\\\/en\\\/news\\\/imo-grupo-miranza-makes-the-leap-to-madrid\\\/#article\",\"isPartOf\":{\"@id\":\"https:\\\/\\\/miranza.es\\\/en\\\/news\\\/imo-grupo-miranza-makes-the-leap-to-madrid\\\/\"},\"author\":{\"name\":\"Equipo Miranza\",\"@id\":\"https:\\\/\\\/miranza.es\\\/en\\\/#\\\/schema\\\/person\\\/e01c042f39bcd4da7bc9b77d6e23bf76\"},\"headline\":\"IMO Grupo Miranza makes the leap to Madrid\",\"datePublished\":\"2021-03-11T16:32:32+00:00\",\"dateModified\":\"2021-08-24T08:28:49+00:00\",\"mainEntityOfPage\":{\"@id\":\"https:\\\/\\\/miranza.es\\\/en\\\/news\\\/imo-grupo-miranza-makes-the-leap-to-madrid\\\/\"},\"wordCount\":518,\"publisher\":{\"@id\":\"https:\\\/\\\/miranza.es\\\/en\\\/#organization\"},\"image\":{\"@id\":\"https:\\\/\\\/miranza.es\\\/en\\\/news\\\/imo-grupo-miranza-makes-the-leap-to-madrid\\\/#primaryimage\"},\"thumbnailUrl\":\"https:\\\/\\\/miranza.es\\\/wp-content\\\/uploads\\\/2021\\\/03\\\/Miranza-Fachada-Mirasierra-3-1024x682-1.jpg\",\"articleSection\":[\"News\"],\"inLanguage\":\"en-US\"},{\"@type\":\"WebPage\",\"@id\":\"https:\\\/\\\/miranza.es\\\/en\\\/news\\\/imo-grupo-miranza-makes-the-leap-to-madrid\\\/\",\"url\":\"https:\\\/\\\/miranza.es\\\/en\\\/news\\\/imo-grupo-miranza-makes-the-leap-to-madrid\\\/\",\"name\":\"IMO Grupo Miranza makes the leap to Madrid - Miranza\",\"isPartOf\":{\"@id\":\"https:\\\/\\\/miranza.es\\\/en\\\/#website\"},\"primaryImageOfPage\":{\"@id\":\"https:\\\/\\\/miranza.es\\\/en\\\/news\\\/imo-grupo-miranza-makes-the-leap-to-madrid\\\/#primaryimage\"},\"image\":{\"@id\":\"https:\\\/\\\/miranza.es\\\/en\\\/news\\\/imo-grupo-miranza-makes-the-leap-to-madrid\\\/#primaryimage\"},\"thumbnailUrl\":\"https:\\\/\\\/miranza.es\\\/wp-content\\\/uploads\\\/2021\\\/03\\\/Miranza-Fachada-Mirasierra-3-1024x682-1.jpg\",\"datePublished\":\"2021-03-11T16:32:32+00:00\",\"dateModified\":\"2021-08-24T08:28:49+00:00\",\"description\":\"IMO Grupo Miranza arrives to Madrid in a crucial step in its track record of 30 years. The best professionals are also in the capital city of Spain.\",\"breadcrumb\":{\"@id\":\"https:\\\/\\\/miranza.es\\\/en\\\/news\\\/imo-grupo-miranza-makes-the-leap-to-madrid\\\/#breadcrumb\"},\"inLanguage\":\"en-US\",\"potentialAction\":[{\"@type\":\"ReadAction\",\"target\":[\"https:\\\/\\\/miranza.es\\\/en\\\/news\\\/imo-grupo-miranza-makes-the-leap-to-madrid\\\/\"]}]},{\"@type\":\"ImageObject\",\"inLanguage\":\"en-US\",\"@id\":\"https:\\\/\\\/miranza.es\\\/en\\\/news\\\/imo-grupo-miranza-makes-the-leap-to-madrid\\\/#primaryimage\",\"url\":\"https:\\\/\\\/miranza.es\\\/wp-content\\\/uploads\\\/2021\\\/03\\\/Miranza-Fachada-Mirasierra-3-1024x682-1.jpg\",\"contentUrl\":\"https:\\\/\\\/miranza.es\\\/wp-content\\\/uploads\\\/2021\\\/03\\\/Miranza-Fachada-Mirasierra-3-1024x682-1.jpg\",\"width\":1024,\"height\":682},{\"@type\":\"BreadcrumbList\",\"@id\":\"https:\\\/\\\/miranza.es\\\/en\\\/news\\\/imo-grupo-miranza-makes-the-leap-to-madrid\\\/#breadcrumb\",\"itemListElement\":[{\"@type\":\"ListItem\",\"position\":1,\"name\":\"Home\",\"item\":\"https:\\\/\\\/miranza.es\\\/en\\\/\"},{\"@type\":\"ListItem\",\"position\":2,\"name\":\"News\",\"item\":\"https:\\\/\\\/miranza.es\\\/en\\\/category\\\/news\\\/\"},{\"@type\":\"ListItem\",\"position\":3,\"name\":\"IMO Grupo Miranza makes the leap to Madrid\"}]},{\"@type\":\"WebSite\",\"@id\":\"https:\\\/\\\/miranza.es\\\/en\\\/#website\",\"url\":\"https:\\\/\\\/miranza.es\\\/en\\\/\",\"name\":\"Miranza\",\"description\":\"Somos tus centros de excelencia, especialistas en bienestar ocular. Estamos a tu lado, creando nuevos horizontes para seguir viendo.\",\"publisher\":{\"@id\":\"https:\\\/\\\/miranza.es\\\/en\\\/#organization\"},\"potentialAction\":[{\"@type\":\"SearchAction\",\"target\":{\"@type\":\"EntryPoint\",\"urlTemplate\":\"https:\\\/\\\/miranza.es\\\/en\\\/?s={search_term_string}\"},\"query-input\":{\"@type\":\"PropertyValueSpecification\",\"valueRequired\":true,\"valueName\":\"search_term_string\"}}],\"inLanguage\":\"en-US\"},{\"@type\":\"Organization\",\"@id\":\"https:\\\/\\\/miranza.es\\\/en\\\/#organization\",\"name\":\"Miranza\",\"url\":\"https:\\\/\\\/miranza.es\\\/en\\\/\",\"logo\":{\"@type\":\"ImageObject\",\"inLanguage\":\"en-US\",\"@id\":\"https:\\\/\\\/miranza.es\\\/en\\\/#\\\/schema\\\/logo\\\/image\\\/\",\"url\":\"https:\\\/\\\/miranza.es\\\/wp-content\\\/uploads\\\/2024\\\/04\\\/logo-miranza.jpg\",\"contentUrl\":\"https:\\\/\\\/miranza.es\\\/wp-content\\\/uploads\\\/2024\\\/04\\\/logo-miranza.jpg\",\"width\":600,\"height\":600,\"caption\":\"Miranza\"},\"image\":{\"@id\":\"https:\\\/\\\/miranza.es\\\/en\\\/#\\\/schema\\\/logo\\\/image\\\/\"},\"sameAs\":[\"https:\\\/\\\/www.facebook.com\\\/GrupoMiranza\\\/\",\"https:\\\/\\\/x.com\\\/GrupoMiranza\",\"https:\\\/\\\/www.instagram.com\\\/grupomiranza\\\/\",\"https:\\\/\\\/www.linkedin.com\\\/company\\\/grupomiranza\",\"https:\\\/\\\/www.youtube.com\\\/channel\\\/UCX2gEI-gOFCbPHZ7QSTkLYQ\\\/featured\"]},{\"@type\":\"Person\",\"@id\":\"https:\\\/\\\/miranza.es\\\/en\\\/#\\\/schema\\\/person\\\/e01c042f39bcd4da7bc9b77d6e23bf76\",\"name\":\"Equipo Miranza\",\"image\":{\"@type\":\"ImageObject\",\"inLanguage\":\"en-US\",\"@id\":\"https:\\\/\\\/secure.gravatar.com\\\/avatar\\\/319e67a2c600de84615e0fdb3468ed425da29acb11edd895911d6403cf2975fd?s=96&d=mm&r=g\",\"url\":\"https:\\\/\\\/secure.gravatar.com\\\/avatar\\\/319e67a2c600de84615e0fdb3468ed425da29acb11edd895911d6403cf2975fd?s=96&d=mm&r=g\",\"contentUrl\":\"https:\\\/\\\/secure.gravatar.com\\\/avatar\\\/319e67a2c600de84615e0fdb3468ed425da29acb11edd895911d6403cf2975fd?s=96&d=mm&r=g\",\"caption\":\"Equipo Miranza\"}}]}<\/script>\n<!-- \/ Yoast SEO plugin. -->","yoast_head_json":{"title":"IMO Grupo Miranza makes the leap to Madrid - Miranza","description":"IMO Grupo Miranza arrives to Madrid in a crucial step in its track record of 30 years. The best professionals are also in the capital city of Spain.","robots":{"index":"index","follow":"follow","max-snippet":"max-snippet:-1","max-image-preview":"max-image-preview:large","max-video-preview":"max-video-preview:-1"},"canonical":"https:\/\/miranza.es\/en\/news\/imo-grupo-miranza-makes-the-leap-to-madrid\/","og_locale":"en_US","og_type":"article","og_title":"IMO Grupo Miranza makes the leap to Madrid - Miranza","og_description":"IMO Grupo Miranza arrives to Madrid in a crucial step in its track record of 30 years. The best professionals are also in the capital city of Spain.","og_url":"https:\/\/miranza.es\/en\/news\/imo-grupo-miranza-makes-the-leap-to-madrid\/","og_site_name":"Miranza","article_publisher":"https:\/\/www.facebook.com\/GrupoMiranza\/","article_published_time":"2021-03-11T16:32:32+00:00","article_modified_time":"2021-08-24T08:28:49+00:00","og_image":[{"width":1024,"height":682,"url":"https:\/\/miranza.es\/wp-content\/uploads\/2021\/03\/Miranza-Fachada-Mirasierra-3-1024x682-1.jpg","type":"image\/jpeg"}],"author":"Equipo Miranza","twitter_card":"summary_large_image","twitter_creator":"@GrupoMiranza","twitter_site":"@GrupoMiranza","twitter_misc":{"Written by":"Equipo Miranza","Est. reading time":"3 minutes"},"schema":{"@context":"https:\/\/schema.org","@graph":[{"@type":"Article","@id":"https:\/\/miranza.es\/en\/news\/imo-grupo-miranza-makes-the-leap-to-madrid\/#article","isPartOf":{"@id":"https:\/\/miranza.es\/en\/news\/imo-grupo-miranza-makes-the-leap-to-madrid\/"},"author":{"name":"Equipo Miranza","@id":"https:\/\/miranza.es\/en\/#\/schema\/person\/e01c042f39bcd4da7bc9b77d6e23bf76"},"headline":"IMO Grupo Miranza makes the leap to Madrid","datePublished":"2021-03-11T16:32:32+00:00","dateModified":"2021-08-24T08:28:49+00:00","mainEntityOfPage":{"@id":"https:\/\/miranza.es\/en\/news\/imo-grupo-miranza-makes-the-leap-to-madrid\/"},"wordCount":518,"publisher":{"@id":"https:\/\/miranza.es\/en\/#organization"},"image":{"@id":"https:\/\/miranza.es\/en\/news\/imo-grupo-miranza-makes-the-leap-to-madrid\/#primaryimage"},"thumbnailUrl":"https:\/\/miranza.es\/wp-content\/uploads\/2021\/03\/Miranza-Fachada-Mirasierra-3-1024x682-1.jpg","articleSection":["News"],"inLanguage":"en-US"},{"@type":"WebPage","@id":"https:\/\/miranza.es\/en\/news\/imo-grupo-miranza-makes-the-leap-to-madrid\/","url":"https:\/\/miranza.es\/en\/news\/imo-grupo-miranza-makes-the-leap-to-madrid\/","name":"IMO Grupo Miranza makes the leap to Madrid - Miranza","isPartOf":{"@id":"https:\/\/miranza.es\/en\/#website"},"primaryImageOfPage":{"@id":"https:\/\/miranza.es\/en\/news\/imo-grupo-miranza-makes-the-leap-to-madrid\/#primaryimage"},"image":{"@id":"https:\/\/miranza.es\/en\/news\/imo-grupo-miranza-makes-the-leap-to-madrid\/#primaryimage"},"thumbnailUrl":"https:\/\/miranza.es\/wp-content\/uploads\/2021\/03\/Miranza-Fachada-Mirasierra-3-1024x682-1.jpg","datePublished":"2021-03-11T16:32:32+00:00","dateModified":"2021-08-24T08:28:49+00:00","description":"IMO Grupo Miranza arrives to Madrid in a crucial step in its track record of 30 years. The best professionals are also in the capital city of Spain.","breadcrumb":{"@id":"https:\/\/miranza.es\/en\/news\/imo-grupo-miranza-makes-the-leap-to-madrid\/#breadcrumb"},"inLanguage":"en-US","potentialAction":[{"@type":"ReadAction","target":["https:\/\/miranza.es\/en\/news\/imo-grupo-miranza-makes-the-leap-to-madrid\/"]}]},{"@type":"ImageObject","inLanguage":"en-US","@id":"https:\/\/miranza.es\/en\/news\/imo-grupo-miranza-makes-the-leap-to-madrid\/#primaryimage","url":"https:\/\/miranza.es\/wp-content\/uploads\/2021\/03\/Miranza-Fachada-Mirasierra-3-1024x682-1.jpg","contentUrl":"https:\/\/miranza.es\/wp-content\/uploads\/2021\/03\/Miranza-Fachada-Mirasierra-3-1024x682-1.jpg","width":1024,"height":682},{"@type":"BreadcrumbList","@id":"https:\/\/miranza.es\/en\/news\/imo-grupo-miranza-makes-the-leap-to-madrid\/#breadcrumb","itemListElement":[{"@type":"ListItem","position":1,"name":"Home","item":"https:\/\/miranza.es\/en\/"},{"@type":"ListItem","position":2,"name":"News","item":"https:\/\/miranza.es\/en\/category\/news\/"},{"@type":"ListItem","position":3,"name":"IMO Grupo Miranza makes the leap to Madrid"}]},{"@type":"WebSite","@id":"https:\/\/miranza.es\/en\/#website","url":"https:\/\/miranza.es\/en\/","name":"Miranza","description":"Somos tus centros de excelencia, especialistas en bienestar ocular. Estamos a tu lado, creando nuevos horizontes para seguir viendo.","publisher":{"@id":"https:\/\/miranza.es\/en\/#organization"},"potentialAction":[{"@type":"SearchAction","target":{"@type":"EntryPoint","urlTemplate":"https:\/\/miranza.es\/en\/?s={search_term_string}"},"query-input":{"@type":"PropertyValueSpecification","valueRequired":true,"valueName":"search_term_string"}}],"inLanguage":"en-US"},{"@type":"Organization","@id":"https:\/\/miranza.es\/en\/#organization","name":"Miranza","url":"https:\/\/miranza.es\/en\/","logo":{"@type":"ImageObject","inLanguage":"en-US","@id":"https:\/\/miranza.es\/en\/#\/schema\/logo\/image\/","url":"https:\/\/miranza.es\/wp-content\/uploads\/2024\/04\/logo-miranza.jpg","contentUrl":"https:\/\/miranza.es\/wp-content\/uploads\/2024\/04\/logo-miranza.jpg","width":600,"height":600,"caption":"Miranza"},"image":{"@id":"https:\/\/miranza.es\/en\/#\/schema\/logo\/image\/"},"sameAs":["https:\/\/www.facebook.com\/GrupoMiranza\/","https:\/\/x.com\/GrupoMiranza","https:\/\/www.instagram.com\/grupomiranza\/","https:\/\/www.linkedin.com\/company\/grupomiranza","https:\/\/www.youtube.com\/channel\/UCX2gEI-gOFCbPHZ7QSTkLYQ\/featured"]},{"@type":"Person","@id":"https:\/\/miranza.es\/en\/#\/schema\/person\/e01c042f39bcd4da7bc9b77d6e23bf76","name":"Equipo Miranza","image":{"@type":"ImageObject","inLanguage":"en-US","@id":"https:\/\/secure.gravatar.com\/avatar\/319e67a2c600de84615e0fdb3468ed425da29acb11edd895911d6403cf2975fd?s=96&d=mm&r=g","url":"https:\/\/secure.gravatar.com\/avatar\/319e67a2c600de84615e0fdb3468ed425da29acb11edd895911d6403cf2975fd?s=96&d=mm&r=g","contentUrl":"https:\/\/secure.gravatar.com\/avatar\/319e67a2c600de84615e0fdb3468ed425da29acb11edd895911d6403cf2975fd?s=96&d=mm&r=g","caption":"Equipo Miranza"}}]}},"_links":{"self":[{"href":"https:\/\/miranza.es\/en\/wp-json\/wp\/v2\/posts\/11589","targetHints":{"allow":["GET"]}}],"collection":[{"href":"https:\/\/miranza.es\/en\/wp-json\/wp\/v2\/posts"}],"about":[{"href":"https:\/\/miranza.es\/en\/wp-json\/wp\/v2\/types\/post"}],"author":[{"embeddable":true,"href":"https:\/\/miranza.es\/en\/wp-json\/wp\/v2\/users\/1"}],"replies":[{"embeddable":true,"href":"https:\/\/miranza.es\/en\/wp-json\/wp\/v2\/comments?post=11589"}],"version-history":[{"count":2,"href":"https:\/\/miranza.es\/en\/wp-json\/wp\/v2\/posts\/11589\/revisions"}],"predecessor-version":[{"id":18273,"href":"https:\/\/miranza.es\/en\/wp-json\/wp\/v2\/posts\/11589\/revisions\/18273"}],"wp:featuredmedia":[{"embeddable":true,"href":"https:\/\/miranza.es\/en\/wp-json\/wp\/v2\/media\/11590"}],"wp:attachment":[{"href":"https:\/\/miranza.es\/en\/wp-json\/wp\/v2\/media?parent=11589"}],"wp:term":[{"taxonomy":"category","embeddable":true,"href":"https:\/\/miranza.es\/en\/wp-json\/wp\/v2\/categories?post=11589"},{"taxonomy":"post_tag","embeddable":true,"href":"https:\/\/miranza.es\/en\/wp-json\/wp\/v2\/tags?post=11589"}],"curies":[{"name":"wp","href":"https:\/\/api.w.org\/{rel}","templated":true}]}}